{"id":24823,"date":"2025-05-12T15:53:19","date_gmt":"2025-05-12T18:53:19","guid":{"rendered":"https:\/\/jm-metropole.com.br\/site\/?p=24823"},"modified":"2025-05-12T15:53:19","modified_gmt":"2025-05-12T18:53:19","slug":"cbf-anuncia-carlo-ancelotti-como-novo-tecnico-da-selecao-brasileira","status":"publish","type":"post","link":"https:\/\/jm-metropole.com.br\/site\/cbf-anuncia-carlo-ancelotti-como-novo-tecnico-da-selecao-brasileira\/","title":{"rendered":"CBF anuncia Carlo Ancelotti como novo t\u00e9cnico da Sele\u00e7\u00e3o Brasileira"},"content":{"rendered":"<div class=\"header-noticia full-width\">\n<div class=\"linha-fina-noticia\">Italiano chega para comandar time nas eliminat\u00f3rias e na Copa do Mundo<\/div>\n<\/div>\n<div class=\"container-autoria\"><\/div>\n<div>\n<p>A Confedera\u00e7\u00e3o Brasileira de Futebol (CBF) anunciou na manh\u00e3 desta segunda-feira (12) o italiano Carlo Ancelotti como o novo t\u00e9cnico da Sele\u00e7\u00e3o Brasileira. Em nota, a entidade afirmou que Ancelotti, chamado pelo presidente Ednaldo Rodrigues de \u201co maior t\u00e9cnico da hist\u00f3ria\u201d, vai comandar o time at\u00e9 a Copa do Mundo de 2026.<img decoding=\"async\" src=\"https:\/\/agenciabrasil.ebc.com.br\/ebc.png?id=1642383&amp;o=node\" \/><img decoding=\"async\" src=\"https:\/\/agenciabrasil.ebc.com.br\/ebc.gif?id=1642383&amp;o=node\" \/><\/p>\n<p>\u201cTrazer Carlo Ancelotti para comandar o Brasil \u00e9 mais do que um movimento estrat\u00e9gico. \u00c9 uma declara\u00e7\u00e3o ao mundo de que estamos determinados a recuperar o lugar mais alto do p\u00f3dio. Ele \u00e9 o maior t\u00e9cnico da hist\u00f3ria e, agora, est\u00e1 \u00e0 frente da maior sele\u00e7\u00e3o do planeta. Juntos, escreveremos novos cap\u00edtulos gloriosos do futebol brasileiro\u201d, disse Ednaldo em nota publicada pela CBF.<\/p>\n<p>A CBF tamb\u00e9m divulgou um v\u00eddeo, no qual Ednaldo agradece a \u201cpaci\u00eancia e o apoio\u201d da torcida brasileira durante a longa negocia\u00e7\u00e3o com treinador italiano.\u00a0Ancelotti chega para treinar a Sele\u00e7\u00e3o para os dois pr\u00f3ximos jogos das eliminat\u00f3rias da Copa, contra o Equador, no dia 5\/6, e Paraguai, no dia 10\/06.<\/p>\n<p>Ainda vinculado ao Real Madrid, da Espanha, o italiano s\u00f3 dever\u00e1 assumir a sele\u00e7\u00e3o no dia 26 de maio, ap\u00f3s o t\u00e9rmino do Campeonato Espanhol \u2013 o time merengue ainda tem tr\u00eas jogos pela frente: contra o Mallorca (dia 14), o Sevilla (dia 18) e o Real Sociedad (dia 24). H\u00e1 a expectativa de uma libera\u00e7\u00e3o antes do dia 26, caso o Barcelona, que no momento tem sete pontos de vantagem sobre o Real Madrid, conquiste o t\u00edtulo de forma antecipada.<\/p>\n<p><a href=\"https:\/\/www.whatsapp.com\/channel\/0029VaoRTgrInlqYLSk59B2M\" target=\"_blank\" rel=\"noopener\">&gt;&gt; Siga o canal da\u00a0<strong>Ag\u00eancia Brasil\u00a0<\/strong>no WhatsApp<\/a><\/p>\n<p>O an\u00fancio p\u00f5e fim a uma novela que se arrasta h\u00e1 cerca de dois anos. Em julho de 2023, a CBF j\u00e1 negociava com o Ancelotti, que comandaria o Real Madrid at\u00e9 o meio daquele ano. Mas o clube espanhol renovou o contrato com Ancelotti, mantendo-o na Espanha e adiando sua vinda para a Sele\u00e7\u00e3o.<\/p>\n<div class=\"dnd-widget-wrapper context-grande_6colunas type-image atom-align-right\">\n<div class=\"dnd-atom-rendered\"><img decoding=\"async\" title=\"Reuters\/Ricardo Moraes\/Direitos Reservados\" src=\"https:\/\/agenciabrasil.ebc.com.br\/sites\/default\/files\/thumbnails\/image\/loading_v2.gif\" alt=\"Soccer Football - World Cup - South American Qualifiers - Brazil v Argentina - Estadio Maracana, Rio de Janeiro, Brazil - November 21, 2023 Argentina's Nicolas Gonzalez and Rodrigo De Paul celebrate after the match REUTERS\/Ricardo Moraes\" data-echo=\"https:\/\/imagens.ebc.com.br\/Je-sP4ZOFiftuPK5vBJMXi1WdCE=\/463x0\/smart\/https:\/\/agenciabrasil.ebc.com.br\/sites\/default\/files\/thumbnails\/image\/2023-11-22t030014z_222423866_up1ejbm08cbmr_rtrmadp_3_soccer-worldcup-bra-arg-report.jpg?itok=O2HBT7jn\" \/><\/div>\n<div class=\"dnd-caption-wrapper\">\n<h6 class=\"meta\">Sele\u00e7\u00e3o vem de uma s\u00e9rie de partidas ruins, com futebol pouco inspirado. Atualmente, est\u00e1 em 4\u00ba lugar nas eliminat\u00f3rias para a Copa do Mundo\u00a0<strong>Foto: Reuters\/Ricardo Moraes\/Direitos Reservados<\/strong><\/h6>\n<\/div>\n<\/div>\n<p>Entre o primeiro contato da CBF com o italiano e a confirma\u00e7\u00e3o da contrata\u00e7\u00e3o, a Sele\u00e7\u00e3o Brasileira foi comandada por Fernando Diniz ap\u00f3s uma boa temporada \u00e0 frente do Fluminense em 2023, e Dorival J\u00fanior, que vinha de dois bons trabalhos no Flamengo e no S\u00e3o Paulo. Mas o futebol pouco inspirado e os maus resultados na Copa Am\u00e9rica de 2024 e nas eliminat\u00f3rias da Copa\u00a0<a href=\"https:\/\/agenciabrasil.ebc.com.br\/esportes\/noticia\/2025-03\/cbf-demite-dorival-junior-do-comando-da-selecao-brasileira-de-futebol\" target=\"_blank\" rel=\"noopener\">derrubaram Dorival em mar\u00e7o deste ano<\/a>\u00a0e fizeram Ednaldo Rodrigues a intensificar as conversas com Ancelotti.<\/p>\n<p>A CBF chegou a anunciar o fim das negocia\u00e7\u00f5es em 29 de abril, diante do impasse em rela\u00e7\u00e3o \u00e0 libera\u00e7\u00e3o do treinador pelo Real Madrid. Mas, a despeito da aparente desist\u00eancia, o acordo foi selado.<\/p>\n<h2>Perfil<\/h2>\n<p>Carlo Ancelotti nasceu em 10 de junho de 1959, em Reggiolo, na It\u00e1lia. Ex-jogador, foi escolhido, em 2019, pela revista France Football, um dos dez maiores t\u00e9cnico da hist\u00f3ria do futebol mundial. Em 2022, Ancelotti se tornou o treinador com mais conquistas em torneios interclubes da UEFA e, tamb\u00e9m, o que mais venceu a Liga dos Campe\u00f5es, cinco vezes como t\u00e9cnico, al\u00e9m de outras duas como jogador. Al\u00e9m disso, o italiano foi campe\u00e3o do Mundial de Clubes da Fifa tr\u00eas vezes \u2013 uma pelo Milan (ITA) e duas pelo Real Madrid. Ele tamb\u00e9m foi t\u00e9cnico da Juventus (ITA), do PSG (FRA), do Chelsea (ING) e do Bayern de Munique (ALE).<\/p>\n<h2>Estrangeiros na Sele\u00e7\u00e3o<\/h2>\n<p>Ancelotti ser\u00e1 o terceiro t\u00e9cnico estrangeiro a dirigir a sele\u00e7\u00e3o brasileira. O primeiro foi o uruguaio Ram\u00f3n Platero, que em 1925 dirigia o Vasco. Ele foi convidado a ser o t\u00e9cnico da sele\u00e7\u00e3o no Campeonato Sul-Americano daquele ano, na Argentina \u2013 atual Copa Am\u00e9rica. Em quatro jogos, ele obteve duas vit\u00f3rias, um empate e uma derrota.<\/p>\n<p>O segundo foi o argentino Filpo Nu\u00f1ez, quando o Palmeiras, que ele dirigia, representou a sele\u00e7\u00e3o em um amistoso contra o Uruguai, na inaugura\u00e7\u00e3o do est\u00e1dio do Mineir\u00e3o, em 1965 \u2013 o Brasil venceu por 3 a 0.<\/p>\n<p>Em 1943, o portugu\u00eas Jorge Gomes de Lima, o Joreca, esteve ao lado do brasileiro Fl\u00e1vio Costa em duas vit\u00f3rias, em amistosos contra o Uruguai, em 1943, mas n\u00e3o era o t\u00e9cnico principal.<\/p>\n<p>*Com informa\u00e7\u00f5es de Ag\u00eancia Brasil<\/p>\n<\/div>\n","protected":false},"excerpt":{"rendered":"<p>Italiano chega para comandar time nas eliminat\u00f3rias e na Copa do Mundo A Confedera\u00e7\u00e3o Brasileira de Futebol (CBF) anunciou na manh\u00e3 desta segunda-feira (12) o italiano Carlo Ancelotti como o novo t\u00e9cnico da Sele\u00e7\u00e3o Brasileira. Em nota, a entidade afirmou que Ancelotti, chamado pelo presidente Ednaldo Rodrigues de \u201co maior t\u00e9cnico da hist\u00f3ria\u201d, vai comandar [&hellip;]<\/p>\n","protected":false},"author":1,"featured_media":24824,"comment_status":"open","ping_status":"open","sticky":false,"template":"","format":"standard","meta":{"footnotes":""},"categories":[12],"tags":[],"class_list":{"0":"post-24823","1":"post","2":"type-post","3":"status-publish","4":"format-standard","5":"has-post-thumbnail","7":"category-esporte"},"_links":{"self":[{"href":"https:\/\/jm-metropole.com.br\/site\/wp-json\/wp\/v2\/posts\/24823","targetHints":{"allow":["GET"]}}],"collection":[{"href":"https:\/\/jm-metropole.com.br\/site\/wp-json\/wp\/v2\/posts"}],"about":[{"href":"https:\/\/jm-metropole.com.br\/site\/wp-json\/wp\/v2\/types\/post"}],"author":[{"embeddable":true,"href":"https:\/\/jm-metropole.com.br\/site\/wp-json\/wp\/v2\/users\/1"}],"replies":[{"embeddable":true,"href":"https:\/\/jm-metropole.com.br\/site\/wp-json\/wp\/v2\/comments?post=24823"}],"version-history":[{"count":1,"href":"https:\/\/jm-metropole.com.br\/site\/wp-json\/wp\/v2\/posts\/24823\/revisions"}],"predecessor-version":[{"id":24825,"href":"https:\/\/jm-metropole.com.br\/site\/wp-json\/wp\/v2\/posts\/24823\/revisions\/24825"}],"wp:featuredmedia":[{"embeddable":true,"href":"https:\/\/jm-metropole.com.br\/site\/wp-json\/wp\/v2\/media\/24824"}],"wp:attachment":[{"href":"https:\/\/jm-metropole.com.br\/site\/wp-json\/wp\/v2\/media?parent=24823"}],"wp:term":[{"taxonomy":"category","embeddable":true,"href":"https:\/\/jm-metropole.com.br\/site\/wp-json\/wp\/v2\/categories?post=24823"},{"taxonomy":"post_tag","embeddable":true,"href":"https:\/\/jm-metropole.com.br\/site\/wp-json\/wp\/v2\/tags?post=24823"}],"curies":[{"name":"wp","href":"https:\/\/api.w.org\/{rel}","templated":true}]}}