{"id":24814,"date":"2025-05-12T15:49:03","date_gmt":"2025-05-12T18:49:03","guid":{"rendered":"https:\/\/jm-metropole.com.br\/site\/?p=24814"},"modified":"2025-05-12T15:49:03","modified_gmt":"2025-05-12T18:49:03","slug":"professores-da-rede-municipal-recebem-formacao-em-espanhol-para-atender-populacao-migrante","status":"publish","type":"post","link":"https:\/\/jm-metropole.com.br\/site\/professores-da-rede-municipal-recebem-formacao-em-espanhol-para-atender-populacao-migrante\/","title":{"rendered":"Professores da rede municipal recebem forma\u00e7\u00e3o em espanhol para atender popula\u00e7\u00e3o migrante"},"content":{"rendered":"<p>A Secretaria de Educa\u00e7\u00e3o, em parceria com o projeto Lumi (L\u00edngua-Cultura e Movimentos Migrat\u00f3rios), da Universidade Federal de S\u00e3o Paulo (Unifesp) \u2013 campus Guarulhos, deu in\u00edcio nesta quinta-feira (8) ao minicurso Forma\u00e7\u00e3o em Espanhol para educadores do ciclo de alfabetiza\u00e7\u00e3o em contato com a popula\u00e7\u00e3o migrante. O curso \u00e9 presencial e segue at\u00e9 o dia 29 de maio, com carga hor\u00e1ria total de 12 horas, e voltado a profissionais que atuam no atendimento \u00e0s crian\u00e7as migrantes da EPG Dorival Caymmi, na Vila Any.<\/p>\n<p>A forma\u00e7\u00e3o tem como objetivo oferecer subs\u00eddios para o contato inicial com a l\u00edngua espanhola e com aspectos da cultura de pa\u00edses hispanofalantes da Am\u00e9rica do Sul. Al\u00e9m disso, promove reflex\u00f5es sobre pr\u00e1ticas de acolhimento e ensino de L\u00edngua Portuguesa para crian\u00e7as que tem o espanhol como l\u00edngua materna em processo de escolariza\u00e7\u00e3o na rede p\u00fablica municipal em Guarulhos.<\/p>\n<p>As aulas s\u00e3o ministradas por integrantes do projeto Lumi, sob a supervis\u00e3o da Prof\u00aa. Dra. Greice de N\u00f3brega e Sousa, e abordam temas como apresenta\u00e7\u00f5es e sentimentos, cores e formas, movimentos corporais e brinquedos, al\u00e9m de conte\u00fados culturais relacionados \u00e0 inf\u00e2ncia latino-americana.<\/p>\n<p>A forma\u00e7\u00e3o refor\u00e7a o compromisso da rede municipal com uma educa\u00e7\u00e3o inclusiva, sens\u00edvel \u00e0s diversas realidades lingu\u00edsticas e culturais presentes nas escolas.<\/p>\n<p>&nbsp;<\/p>\n","protected":false},"excerpt":{"rendered":"<p>A Secretaria de Educa\u00e7\u00e3o, em parceria com o projeto Lumi (L\u00edngua-Cultura e Movimentos Migrat\u00f3rios), da Universidade Federal de S\u00e3o Paulo (Unifesp) \u2013 campus Guarulhos, deu in\u00edcio nesta quinta-feira (8) ao minicurso Forma\u00e7\u00e3o em Espanhol para educadores do ciclo de alfabetiza\u00e7\u00e3o em contato com a popula\u00e7\u00e3o migrante. O curso \u00e9 presencial e segue at\u00e9 o dia [&hellip;]<\/p>\n","protected":false},"author":1,"featured_media":24815,"comment_status":"open","ping_status":"open","sticky":false,"template":"","format":"standard","meta":{"footnotes":""},"categories":[3],"tags":[],"class_list":{"0":"post-24814","1":"post","2":"type-post","3":"status-publish","4":"format-standard","5":"has-post-thumbnail","7":"category-guarulhos"},"_links":{"self":[{"href":"https:\/\/jm-metropole.com.br\/site\/wp-json\/wp\/v2\/posts\/24814","targetHints":{"allow":["GET"]}}],"collection":[{"href":"https:\/\/jm-metropole.com.br\/site\/wp-json\/wp\/v2\/posts"}],"about":[{"href":"https:\/\/jm-metropole.com.br\/site\/wp-json\/wp\/v2\/types\/post"}],"author":[{"embeddable":true,"href":"https:\/\/jm-metropole.com.br\/site\/wp-json\/wp\/v2\/users\/1"}],"replies":[{"embeddable":true,"href":"https:\/\/jm-metropole.com.br\/site\/wp-json\/wp\/v2\/comments?post=24814"}],"version-history":[{"count":1,"href":"https:\/\/jm-metropole.com.br\/site\/wp-json\/wp\/v2\/posts\/24814\/revisions"}],"predecessor-version":[{"id":24816,"href":"https:\/\/jm-metropole.com.br\/site\/wp-json\/wp\/v2\/posts\/24814\/revisions\/24816"}],"wp:featuredmedia":[{"embeddable":true,"href":"https:\/\/jm-metropole.com.br\/site\/wp-json\/wp\/v2\/media\/24815"}],"wp:attachment":[{"href":"https:\/\/jm-metropole.com.br\/site\/wp-json\/wp\/v2\/media?parent=24814"}],"wp:term":[{"taxonomy":"category","embeddable":true,"href":"https:\/\/jm-metropole.com.br\/site\/wp-json\/wp\/v2\/categories?post=24814"},{"taxonomy":"post_tag","embeddable":true,"href":"https:\/\/jm-metropole.com.br\/site\/wp-json\/wp\/v2\/tags?post=24814"}],"curies":[{"name":"wp","href":"https:\/\/api.w.org\/{rel}","templated":true}]}}