{"id":24811,"date":"2025-05-12T14:05:08","date_gmt":"2025-05-12T17:05:08","guid":{"rendered":"https:\/\/jm-metropole.com.br\/site\/?p=24811"},"modified":"2025-05-12T14:05:08","modified_gmt":"2025-05-12T17:05:08","slug":"prefeitura-de-aruja-entrega-titulos-de-propriedade-a-moradores-de-diversos-bairros-da-cidade","status":"publish","type":"post","link":"https:\/\/jm-metropole.com.br\/site\/prefeitura-de-aruja-entrega-titulos-de-propriedade-a-moradores-de-diversos-bairros-da-cidade\/","title":{"rendered":"PREFEITURA DE ARUJ\u00c1 ENTREGA T\u00cdTULOS DE PROPRIEDADE A MORADORES DE DIVERSOS BAIRROS DA CIDADE"},"content":{"rendered":"<p>Na manh\u00e3 deste s\u00e1bado (10), a Prefeitura de Aruj\u00e1 realizou, no Gin\u00e1sio Ant\u00f4nio Carlos Mendon\u00e7a, a cerim\u00f4nia oficial de entrega de t\u00edtulos de legitima\u00e7\u00e3o fundi\u00e1ria para cerca de 60 fam\u00edlias da cidade. A a\u00e7\u00e3o foi promovida pela Secretaria Municipal de Habita\u00e7\u00e3o, em parceria com o Governo do Estado de S\u00e3o Paulo, por meio do programa Cidade Legal, da Secretaria Estadual de Desenvolvimento Urbano e Habita\u00e7\u00e3o.<\/p>\n<p>A entrega representa a realiza\u00e7\u00e3o de um sonho antigo para moradores dos bairros Barreto (especialmente Parque Rodrigo Barreto), Barbosas, Josely, Retiro, S\u00e3o Bento, Mirante e Jardim Pinheiro. A primeira a receber o documento foi Romilda da Silva Vieira, que chegou cedo ao gin\u00e1sio para garantir seu lugar nesse momento hist\u00f3rico.<\/p>\n<p>Durante o evento, o prefeito Dr. Luis Camargo destacou a import\u00e2ncia da regulariza\u00e7\u00e3o fundi\u00e1ria como um instrumento de justi\u00e7a social e valoriza\u00e7\u00e3o da moradia. Em seu discurso, agradeceu aos secret\u00e1rios municipais, vereadores presentes e ao Governo do Estado pelo apoio, e reafirmou o compromisso da gest\u00e3o com o desenvolvimento urbano e a dignidade das fam\u00edlias arujaenses:<\/p>\n<p>\u201cA regulariza\u00e7\u00e3o fundi\u00e1ria garante seguran\u00e7a, tranquilidade e a certeza de que o im\u00f3vel realmente \u00e9 seu. \u00c9 um direito que transforma vidas. Hoje \u00e9 um marco para dezenas de fam\u00edlias que passam a ter em m\u00e3os o documento que reconhece a propriedade de suas casas. Nossa gest\u00e3o segue firme no prop\u00f3sito de fazer de Aruj\u00e1 uma cidade em que as pessoas tenham orgulho de viver.\u201d<\/p>\n<p>O secret\u00e1rio municipal de Habita\u00e7\u00e3o, Vinicius Pateta, tamb\u00e9m fez quest\u00e3o de agradecer aos parceiros e servidores envolvidos na a\u00e7\u00e3o e ressaltou a import\u00e2ncia do momento:<\/p>\n<p>\u201cHoje, as fam\u00edlias saem daqui com um documento que representa anos de esfor\u00e7o e sonho. Em muitos processos, vimos contratos de compra assinados h\u00e1 d\u00e9cadas, com pagamentos feitos com muito sacrif\u00edcio. E agora, essas fam\u00edlias almo\u00e7ar\u00e3o no Dia das M\u00e3es em suas casas regularizadas, com a tranquilidade de saber que o im\u00f3vel \u00e9, de fato, delas. Esse \u00e9 o maior presente que poderiam receber.\u201d<\/p>\n<p>A entrega dos t\u00edtulos foi feita simbolicamente \u00e0s mulheres das fam\u00edlias contempladas, em uma homenagem especial ao Dia das M\u00e3es, celebrado neste domingo.<\/p>\n<p>Estiveram presentes na solenidade o prefeito Dr. Luis Camargo, a presidente do Fundo Social de Solidariedade, Clau Camargo, o vice-prefeito Rodolfo Machado, a presidente da C\u00e2mara Municipal, vereadora Profa. Cris, os vereadores Ana do Esporte, Divinei da Silva, Leandro Larini, Luciano Lima, Pastor Samoel Maia, Professor Danilo e Tiago Urs\u00e3o; al\u00e9m dos secret\u00e1rios Vinicius Pateta (Habita\u00e7\u00e3o), Marco Valdanna (Planejamento), Abel Larini (Governo), Gilberto Daniel &#8211; Betinho (Esportes) e Vicente do Prado (Obras).<\/p>\n<p>A regulariza\u00e7\u00e3o fundi\u00e1ria \u00e9 uma das prioridades da atual gest\u00e3o, que j\u00e1 beneficiou milhares de fam\u00edlias em diversos bairros da cidade e segue trabalhando para ampliar ainda mais o alcance dessas a\u00e7\u00f5es nos pr\u00f3ximos meses.<\/p>\n","protected":false},"excerpt":{"rendered":"<p>Na manh\u00e3 deste s\u00e1bado (10), a Prefeitura de Aruj\u00e1 realizou, no Gin\u00e1sio Ant\u00f4nio Carlos Mendon\u00e7a, a cerim\u00f4nia oficial de entrega de t\u00edtulos de legitima\u00e7\u00e3o fundi\u00e1ria para cerca de 60 fam\u00edlias da cidade. A a\u00e7\u00e3o foi promovida pela Secretaria Municipal de Habita\u00e7\u00e3o, em parceria com o Governo do Estado de S\u00e3o Paulo, por meio do programa [&hellip;]<\/p>\n","protected":false},"author":1,"featured_media":24812,"comment_status":"open","ping_status":"open","sticky":false,"template":"","format":"standard","meta":{"footnotes":""},"categories":[4],"tags":[],"class_list":{"0":"post-24811","1":"post","2":"type-post","3":"status-publish","4":"format-standard","5":"has-post-thumbnail","7":"category-aruja"},"_links":{"self":[{"href":"https:\/\/jm-metropole.com.br\/site\/wp-json\/wp\/v2\/posts\/24811","targetHints":{"allow":["GET"]}}],"collection":[{"href":"https:\/\/jm-metropole.com.br\/site\/wp-json\/wp\/v2\/posts"}],"about":[{"href":"https:\/\/jm-metropole.com.br\/site\/wp-json\/wp\/v2\/types\/post"}],"author":[{"embeddable":true,"href":"https:\/\/jm-metropole.com.br\/site\/wp-json\/wp\/v2\/users\/1"}],"replies":[{"embeddable":true,"href":"https:\/\/jm-metropole.com.br\/site\/wp-json\/wp\/v2\/comments?post=24811"}],"version-history":[{"count":1,"href":"https:\/\/jm-metropole.com.br\/site\/wp-json\/wp\/v2\/posts\/24811\/revisions"}],"predecessor-version":[{"id":24813,"href":"https:\/\/jm-metropole.com.br\/site\/wp-json\/wp\/v2\/posts\/24811\/revisions\/24813"}],"wp:featuredmedia":[{"embeddable":true,"href":"https:\/\/jm-metropole.com.br\/site\/wp-json\/wp\/v2\/media\/24812"}],"wp:attachment":[{"href":"https:\/\/jm-metropole.com.br\/site\/wp-json\/wp\/v2\/media?parent=24811"}],"wp:term":[{"taxonomy":"category","embeddable":true,"href":"https:\/\/jm-metropole.com.br\/site\/wp-json\/wp\/v2\/categories?post=24811"},{"taxonomy":"post_tag","embeddable":true,"href":"https:\/\/jm-metropole.com.br\/site\/wp-json\/wp\/v2\/tags?post=24811"}],"curies":[{"name":"wp","href":"https:\/\/api.w.org\/{rel}","templated":true}]}}