{"id":24803,"date":"2025-05-12T13:52:00","date_gmt":"2025-05-12T16:52:00","guid":{"rendered":"https:\/\/jm-metropole.com.br\/site\/?p=24803"},"modified":"2025-05-12T13:58:07","modified_gmt":"2025-05-12T16:58:07","slug":"prefeitura-completa-primeiro-mes-de-entregas-do-kit-maternidade-alcancando-98-maes","status":"publish","type":"post","link":"https:\/\/jm-metropole.com.br\/site\/prefeitura-completa-primeiro-mes-de-entregas-do-kit-maternidade-alcancando-98-maes\/","title":{"rendered":"Prefeitura completa primeiro m\u00eas de entregas do kit maternidade alcan\u00e7ando 98 m\u00e3es"},"content":{"rendered":"<p>Fundo Social de Solidariedade tem apoiado iniciativa desenvolvida junto ao HMS, que garante a distribui\u00e7\u00e3o de itens essenciais para os primeiros cuidados do beb\u00ea<\/p>\n<p>Neste domingo de celebra\u00e7\u00e3o pelo Dia das M\u00e3es (11\/05), a prefeitura comemora o primeiro m\u00eas de entregas do kit maternidade no Hospital e Maternidade de Suzano (HMS), no bairro Vila Figueira. A iniciativa, apoiada pelo Fundo Social de Solidariedade da cidade e pelo Instituto Nacional de Tecnologia e Sa\u00fade (INTS), j\u00e1 contemplou 98 mam\u00e3es com itens essenciais para os primeiros cuidados do beb\u00ea que incluem toalha de banho, fraldas descart\u00e1veis, pomada para assaduras, xampu, mantas, meias, luvas e roupas para rec\u00e9m-nascidos.<\/p>\n<p>A primeira-dama de Suzano e presidente do Fundo Social, D\u00e9borah Raffoul Ishi, esteve no HMS na \u00faltima quarta-feira (07\/05) para comemorar o sucesso desta a\u00e7\u00e3o e compartilhar com as mam\u00e3es a emo\u00e7\u00e3o de poder contribuir com este momento t\u00e3o especial para elas, garantindo a doa\u00e7\u00e3o de mais dez kits. Na oportunidade, ela foi recepcionada pela diretora t\u00e9cnica do HMS, Margarete Oliveira Lima, e pela gerente de enfermagem da unidade, Nathalia Guillaumon.<\/p>\n<p>A visita completou o primeiro ciclo de atividades do programa, iniciado com a entrega simb\u00f3lica para Amanda de Lima, que deu \u00e0 luz a pequena Alice Elo\u00e1 em 2 de abril, data que marcou o anivers\u00e1rio de 76 anos da emancipa\u00e7\u00e3o pol\u00edtico-administrativa de Suzano.<\/p>\n<p>A partir desse momento, a maternidade passou a contar com a distribui\u00e7\u00e3o regular dos kits para as m\u00e3es que atendem aos crit\u00e9rios estabelecidos. Para ser contemplada, a mulher precisa ser moradora de Suzano, comprovar a realiza\u00e7\u00e3o de no m\u00ednimo sete consultas de pr\u00e9-natal na rede p\u00fablica e estar inscrita no Cadastro \u00danico (Cad\u00danico).<\/p>\n<p>Al\u00e9m do suporte material, o gesto tamb\u00e9m busca fortalecer o v\u00ednculo entre as m\u00e3es e os servi\u00e7os oferecidos pela rede municipal de sa\u00fade, incentivando a realiza\u00e7\u00e3o do pr\u00e9-natal e promovendo um acompanhamento mais pr\u00f3ximo da gesta\u00e7\u00e3o at\u00e9 o nascimento. O n\u00famero de kits entregues nessa primeira etapa do programa beneficiou cerca de 50% das m\u00e3es no per\u00edodo, j\u00e1 que s\u00e3o registrados, em m\u00e9dia, 200 partos por m\u00eas no HMS.<\/p>\n<p>A primeira-dama afirmou que a chegada desta iniciativa \u00e9 um grande presente para toda a popula\u00e7\u00e3o. \u201c\u00c9 uma alegria muito grande poder comemorar o Dia das M\u00e3es deste ano sabendo que Suzano celebra o sucesso desse gesto t\u00e3o nobre. Podemos ver a alegria das mulheres quando s\u00e3o acarinhadas com esse kit, que garante um in\u00edcio de vida mais seguro e acolhedor dos seus beb\u00eas\u201d, declarou D\u00e9borah.<\/p>\n<p>O prefeito Pedro Ishi ressaltou que a entrega dos kits \u00e9 o s\u00edmbolo da aten\u00e7\u00e3o que a administra\u00e7\u00e3o municipal tem dedicado \u00e0s suzanenses. \u201cTemos que valorizar essa a\u00e7\u00e3o, que j\u00e1 contemplou dezenas de m\u00e3es e continuar\u00e1 garantindo o suporte para outras tantas fam\u00edlias que passam por essa emo\u00e7\u00e3o \u00fanica. N\u00f3s estaremos sempre pr\u00f3ximos, compartilhando o nosso afeto e garantindo os itens que s\u00e3o necess\u00e1rios no come\u00e7o de vida dos pequenos que nascem no HMS\u201d, destacou o chefe do Poder Executivo municipal.<\/p>\n<p>&nbsp;<\/p>\n<p>Cr\u00e9dito das fotos: Mauricio Sordilli\/Secop Suzano<\/p>\n","protected":false},"excerpt":{"rendered":"<p>Fundo Social de Solidariedade tem apoiado iniciativa desenvolvida junto ao HMS, que garante a distribui\u00e7\u00e3o de itens essenciais para os primeiros cuidados do beb\u00ea Neste domingo de celebra\u00e7\u00e3o pelo Dia das M\u00e3es (11\/05), a prefeitura comemora o primeiro m\u00eas de entregas do kit maternidade no Hospital e Maternidade de Suzano (HMS), no bairro Vila Figueira. [&hellip;]<\/p>\n","protected":false},"author":1,"featured_media":24806,"comment_status":"open","ping_status":"open","sticky":false,"template":"","format":"standard","meta":{"footnotes":""},"categories":[9],"tags":[],"class_list":{"0":"post-24803","1":"post","2":"type-post","3":"status-publish","4":"format-standard","5":"has-post-thumbnail","7":"category-suzano"},"_links":{"self":[{"href":"https:\/\/jm-metropole.com.br\/site\/wp-json\/wp\/v2\/posts\/24803","targetHints":{"allow":["GET"]}}],"collection":[{"href":"https:\/\/jm-metropole.com.br\/site\/wp-json\/wp\/v2\/posts"}],"about":[{"href":"https:\/\/jm-metropole.com.br\/site\/wp-json\/wp\/v2\/types\/post"}],"author":[{"embeddable":true,"href":"https:\/\/jm-metropole.com.br\/site\/wp-json\/wp\/v2\/users\/1"}],"replies":[{"embeddable":true,"href":"https:\/\/jm-metropole.com.br\/site\/wp-json\/wp\/v2\/comments?post=24803"}],"version-history":[{"count":1,"href":"https:\/\/jm-metropole.com.br\/site\/wp-json\/wp\/v2\/posts\/24803\/revisions"}],"predecessor-version":[{"id":24805,"href":"https:\/\/jm-metropole.com.br\/site\/wp-json\/wp\/v2\/posts\/24803\/revisions\/24805"}],"wp:featuredmedia":[{"embeddable":true,"href":"https:\/\/jm-metropole.com.br\/site\/wp-json\/wp\/v2\/media\/24806"}],"wp:attachment":[{"href":"https:\/\/jm-metropole.com.br\/site\/wp-json\/wp\/v2\/media?parent=24803"}],"wp:term":[{"taxonomy":"category","embeddable":true,"href":"https:\/\/jm-metropole.com.br\/site\/wp-json\/wp\/v2\/categories?post=24803"},{"taxonomy":"post_tag","embeddable":true,"href":"https:\/\/jm-metropole.com.br\/site\/wp-json\/wp\/v2\/tags?post=24803"}],"curies":[{"name":"wp","href":"https:\/\/api.w.org\/{rel}","templated":true}]}}