{"id":24784,"date":"2025-05-09T14:00:36","date_gmt":"2025-05-09T17:00:36","guid":{"rendered":"https:\/\/jm-metropole.com.br\/site\/?p=24784"},"modified":"2025-05-09T14:00:36","modified_gmt":"2025-05-09T17:00:36","slug":"itaqua-sedia-lancamento-do-escritorio-leste-do-plano-regional-de-regularizacao-fundiaria","status":"publish","type":"post","link":"https:\/\/jm-metropole.com.br\/site\/itaqua-sedia-lancamento-do-escritorio-leste-do-plano-regional-de-regularizacao-fundiaria\/","title":{"rendered":"Itaqu\u00e1 sedia lan\u00e7amento do escrit\u00f3rio leste do Plano Regional de Regulariza\u00e7\u00e3o Fundi\u00e1ria"},"content":{"rendered":"<p>Regi\u00e3o do Condemat+ foi escolhida para projeto piloto do governo estadual<\/p>\n<p>Itaquaquecetuba sediou, na quinta-feira (8), o lan\u00e7amento do escrit\u00f3rio leste do Plano Regional de Regulariza\u00e7\u00e3o Fundi\u00e1ria. A regi\u00e3o do Cons\u00f3rcio de Desenvolvimento dos Munic\u00edpios do Alto Tiet\u00ea e Regi\u00e3o (Condemat+) foi escolhida para o projeto piloto do governo estadual, que busca regularizar moradias, oferecer seguran\u00e7a e dignidade.<\/p>\n<p>A cerim\u00f4nia contou com a presen\u00e7a do presidente do Condemat+ e prefeito de Itaquaquecetuba, Eduardo Boigues, do assessor de sustentabilidade da Subsecretaria Estadual de Desenvolvimento Urbano, Gil Scatena, da arquiteta da Coordenadoria de Planejamento Habitacional, Marlene Martins, representantes do Cidade Legal, Guilherme Serafim e Priscila Borsos, representantes do Instituto Geogr\u00e1fico e Cartogr\u00e1fico (IGC), Aline Costa e M\u00e1rcio Quedinho, al\u00e9m de representantes das cidades da regi\u00e3o.<\/p>\n<p>Na ocasi\u00e3o, foram apresentadas as etapas e plataformas que v\u00e3o concentrar o banco de dados dos n\u00facleos pass\u00edveis de regulariza\u00e7\u00e3o. Os 14 mun\u00edcipios que integram o cons\u00f3rcio v\u00e3o trabalhar em conjunto, alinhando suas demandas individuais, al\u00e9m de informa\u00e7\u00f5es t\u00e9cnicas, propondo um cronograma regional integrado de a\u00e7\u00f5es.<\/p>\n<p>Dados dos 14 munic\u00edpios que integram o cons\u00f3rcio apontam cerca de 1.360 n\u00facleos pass\u00edveis de regulariza\u00e7\u00e3o, que totalizam 11,5 mil im\u00f3veis. Em Itaqu\u00e1, s\u00e3o 223 n\u00facleos e 5 mil im\u00f3veis. A meta \u00e9 promover a regulariza\u00e7\u00e3o em seis anos.<\/p>\n<p>\u201c\u00c9 um dia importante para Itaqu\u00e1, para a regi\u00e3o e para o Condemat+. O objetivo do escrit\u00f3rio leste \u00e9 acabar com as moradias irregulares, oferecer seguran\u00e7a e dignidade \u00e0 popula\u00e7\u00e3o com trabalho t\u00e9cnico, focando na urbaniza\u00e7\u00e3o e na qualidade de vida das pessoas\u201d, disse a secret\u00e1ria de Habita\u00e7\u00e3o de Itaqu\u00e1 e coordenadora do Grupo de Trabalho de Habita\u00e7\u00e3o do Condemat+, Angela Quirino.<\/p>\n<p>Autoridades e t\u00e9cnicos dos munic\u00edpios v\u00e3o fortalecer a atua\u00e7\u00e3o junto ao governo estadual e demais institui\u00e7\u00f5es parceiras. \u201cEstamos confiantes de que vamos ter o maior programa de regulariza\u00e7\u00e3o fundi\u00e1ria regional e do estado em breve. Estamos felizes por trazer esse programa para o Alto Tiet\u00ea\u201d, finalizou Boigues.<\/p>\n<p>Fotos: Chalaine Kerchner<\/p>\n","protected":false},"excerpt":{"rendered":"<p>Regi\u00e3o do Condemat+ foi escolhida para projeto piloto do governo estadual Itaquaquecetuba sediou, na quinta-feira (8), o lan\u00e7amento do escrit\u00f3rio leste do Plano Regional de Regulariza\u00e7\u00e3o Fundi\u00e1ria. A regi\u00e3o do Cons\u00f3rcio de Desenvolvimento dos Munic\u00edpios do Alto Tiet\u00ea e Regi\u00e3o (Condemat+) foi escolhida para o projeto piloto do governo estadual, que busca regularizar moradias, oferecer [&hellip;]<\/p>\n","protected":false},"author":1,"featured_media":24785,"comment_status":"open","ping_status":"open","sticky":false,"template":"","format":"standard","meta":{"footnotes":""},"categories":[6],"tags":[],"class_list":{"0":"post-24784","1":"post","2":"type-post","3":"status-publish","4":"format-standard","5":"has-post-thumbnail","7":"category-itaqua"},"_links":{"self":[{"href":"https:\/\/jm-metropole.com.br\/site\/wp-json\/wp\/v2\/posts\/24784","targetHints":{"allow":["GET"]}}],"collection":[{"href":"https:\/\/jm-metropole.com.br\/site\/wp-json\/wp\/v2\/posts"}],"about":[{"href":"https:\/\/jm-metropole.com.br\/site\/wp-json\/wp\/v2\/types\/post"}],"author":[{"embeddable":true,"href":"https:\/\/jm-metropole.com.br\/site\/wp-json\/wp\/v2\/users\/1"}],"replies":[{"embeddable":true,"href":"https:\/\/jm-metropole.com.br\/site\/wp-json\/wp\/v2\/comments?post=24784"}],"version-history":[{"count":1,"href":"https:\/\/jm-metropole.com.br\/site\/wp-json\/wp\/v2\/posts\/24784\/revisions"}],"predecessor-version":[{"id":24786,"href":"https:\/\/jm-metropole.com.br\/site\/wp-json\/wp\/v2\/posts\/24784\/revisions\/24786"}],"wp:featuredmedia":[{"embeddable":true,"href":"https:\/\/jm-metropole.com.br\/site\/wp-json\/wp\/v2\/media\/24785"}],"wp:attachment":[{"href":"https:\/\/jm-metropole.com.br\/site\/wp-json\/wp\/v2\/media?parent=24784"}],"wp:term":[{"taxonomy":"category","embeddable":true,"href":"https:\/\/jm-metropole.com.br\/site\/wp-json\/wp\/v2\/categories?post=24784"},{"taxonomy":"post_tag","embeddable":true,"href":"https:\/\/jm-metropole.com.br\/site\/wp-json\/wp\/v2\/tags?post=24784"}],"curies":[{"name":"wp","href":"https:\/\/api.w.org\/{rel}","templated":true}]}}