{"id":24781,"date":"2025-05-09T13:59:30","date_gmt":"2025-05-09T16:59:30","guid":{"rendered":"https:\/\/jm-metropole.com.br\/site\/?p=24781"},"modified":"2025-05-09T13:59:30","modified_gmt":"2025-05-09T16:59:30","slug":"itaqua-inaugura-32a-unidade-escolar-para-300-estudantes-na-regiao-da-vila-celeste","status":"publish","type":"post","link":"https:\/\/jm-metropole.com.br\/site\/itaqua-inaugura-32a-unidade-escolar-para-300-estudantes-na-regiao-da-vila-celeste\/","title":{"rendered":"Itaqu\u00e1 inaugura 32\u00aa unidade escolar para 300 estudantes na regi\u00e3o da Vila Celeste"},"content":{"rendered":"<p>Unidade conta com estrutura completa para atender crian\u00e7as de 3 a 5 anos<\/p>\n<p>A Prefeitura de Itaquaquecetuba inaugurou, na quinta-feira (8), a EMEB Professora Isabelle Garcia Albuquerque, entre os bairros Vila Celeste, Una e Quinta da Boa Vista. Essa \u00e9 a 32\u00aa unidade escolar entregue no munic\u00edpio desde 2021 com capacidade para atender 300 estudantes de 3 a 5 anos.<\/p>\n<p>&#8220;Mais uma demonstra\u00e7\u00e3o do nosso compromisso com a educa\u00e7\u00e3o e o desenvolvimento das crian\u00e7as, oferecendo melhores oportunidades para o futuro. Ao investir em educa\u00e7\u00e3o, Itaquaquecetuba est\u00e1 promovendo o crescimento e o bem-estar de seus cidad\u00e3os&#8221;, afirmou a secret\u00e1ria de Educa\u00e7\u00e3o, Maria Cristina Perpetuo.<\/p>\n<p>A unidade foi constru\u00edda sem recurso p\u00fablico e contou com investimento de R$ 1,9 milh\u00e3o de uma empresa privada. A estrutura possui secretaria, dire\u00e7\u00e3o, coordena\u00e7\u00e3o, despensa, cozinha, copa, \u00e1rea de servi\u00e7o, dep\u00f3sito, sanit\u00e1rios, refeit\u00f3rio, p\u00e1tio coberto, playground, salas de aula e estacionamento.<\/p>\n<p>At\u00e9 o fim do m\u00eas, a administra\u00e7\u00e3o municipal prev\u00ea entregar mais cinco unidades escolares entre novas escolas e pr\u00e9dios reformados que beneficiar\u00e3o mais de 2 mil crian\u00e7as, ampliando o acesso \u00e0 educa\u00e7\u00e3o.<\/p>\n<p>&#8220;Queremos que mais crian\u00e7as tenham acesso a uma educa\u00e7\u00e3o de qualidade, reduzir a fila de espera por vagas, melhorar as condi\u00e7\u00f5es de ensino, ofertar ambientes adequados para o aprendizado e reduzir as desigualdades, garantindo oportunidades educacionais. Itaqu\u00e1 est\u00e1 contribuindo para uma sociedade mais justa e igualit\u00e1ria&#8221;, completou o prefeito Eduardo Boigues.<\/p>\n<p>Al\u00e9m de moradores do entorno, estiveram presentes no evento autoridades municipais e a fam\u00edlia da patronesse. Isabelle Garcia Albuquerque era professora municipal de m\u00fasica e, em 2024, foi v\u00edtima de um atropelamento ao atravessar a linha f\u00e9rrea.<\/p>\n<p>Fotos: Dayane Oliveira<\/p>\n","protected":false},"excerpt":{"rendered":"<p>Unidade conta com estrutura completa para atender crian\u00e7as de 3 a 5 anos A Prefeitura de Itaquaquecetuba inaugurou, na quinta-feira (8), a EMEB Professora Isabelle Garcia Albuquerque, entre os bairros Vila Celeste, Una e Quinta da Boa Vista. Essa \u00e9 a 32\u00aa unidade escolar entregue no munic\u00edpio desde 2021 com capacidade para atender 300 estudantes [&hellip;]<\/p>\n","protected":false},"author":1,"featured_media":24782,"comment_status":"open","ping_status":"open","sticky":false,"template":"","format":"standard","meta":{"footnotes":""},"categories":[6],"tags":[],"class_list":{"0":"post-24781","1":"post","2":"type-post","3":"status-publish","4":"format-standard","5":"has-post-thumbnail","7":"category-itaqua"},"_links":{"self":[{"href":"https:\/\/jm-metropole.com.br\/site\/wp-json\/wp\/v2\/posts\/24781","targetHints":{"allow":["GET"]}}],"collection":[{"href":"https:\/\/jm-metropole.com.br\/site\/wp-json\/wp\/v2\/posts"}],"about":[{"href":"https:\/\/jm-metropole.com.br\/site\/wp-json\/wp\/v2\/types\/post"}],"author":[{"embeddable":true,"href":"https:\/\/jm-metropole.com.br\/site\/wp-json\/wp\/v2\/users\/1"}],"replies":[{"embeddable":true,"href":"https:\/\/jm-metropole.com.br\/site\/wp-json\/wp\/v2\/comments?post=24781"}],"version-history":[{"count":1,"href":"https:\/\/jm-metropole.com.br\/site\/wp-json\/wp\/v2\/posts\/24781\/revisions"}],"predecessor-version":[{"id":24783,"href":"https:\/\/jm-metropole.com.br\/site\/wp-json\/wp\/v2\/posts\/24781\/revisions\/24783"}],"wp:featuredmedia":[{"embeddable":true,"href":"https:\/\/jm-metropole.com.br\/site\/wp-json\/wp\/v2\/media\/24782"}],"wp:attachment":[{"href":"https:\/\/jm-metropole.com.br\/site\/wp-json\/wp\/v2\/media?parent=24781"}],"wp:term":[{"taxonomy":"category","embeddable":true,"href":"https:\/\/jm-metropole.com.br\/site\/wp-json\/wp\/v2\/categories?post=24781"},{"taxonomy":"post_tag","embeddable":true,"href":"https:\/\/jm-metropole.com.br\/site\/wp-json\/wp\/v2\/tags?post=24781"}],"curies":[{"name":"wp","href":"https:\/\/api.w.org\/{rel}","templated":true}]}}