{"id":24776,"date":"2025-05-09T12:50:53","date_gmt":"2025-05-09T15:50:53","guid":{"rendered":"https:\/\/jm-metropole.com.br\/site\/?p=24776"},"modified":"2025-05-09T12:50:53","modified_gmt":"2025-05-09T15:50:53","slug":"aruja-realiza-4a-conferencia-dos-direitos-da-pessoa-idosa-com-foco-em-equidade-e-participacao-social","status":"publish","type":"post","link":"https:\/\/jm-metropole.com.br\/site\/aruja-realiza-4a-conferencia-dos-direitos-da-pessoa-idosa-com-foco-em-equidade-e-participacao-social\/","title":{"rendered":"ARUJ\u00c1 REALIZA 4\u00aa CONFER\u00caNCIA DOS DIREITOS DA PESSOA IDOSA COM FOCO EM EQUIDADE E PARTICIPA\u00c7\u00c3O SOCIAL"},"content":{"rendered":"<p>Realizada na manh\u00e3 desta quinta-feira (8), no Centro de Conviv\u00eancia do Idoso (CCI), em Aruj\u00e1, a 4\u00aa Confer\u00eancia Municipal dos Direitos da Pessoa Idosa reuniu representantes do poder p\u00fablico, sociedade civil e conselhos municipais para debater e aprovar propostas voltadas ao fortalecimento das pol\u00edticas p\u00fablicas para a popula\u00e7\u00e3o idosa. Com o tema \u201cEnvelhecimento Multicultural e Democracia: Urg\u00eancia por Equidade, Direitos e Participa\u00e7\u00e3o\u201d, o evento foi promovido pelo Conselho Municipal dos Direitos da Pessoa Idosa (CMI), com o apoio da Prefeitura de Aruj\u00e1, por meio da Secretaria Municipal de Assist\u00eancia Social.<\/p>\n<p>Ap\u00f3s aprova\u00e7\u00e3o do regimento interno, a palestrante convidada, Jamila Almeida Soares, p\u00f3s-graduada em Geriatria e profissional da Santa Casa de Miseric\u00f3rdia, abordou os desafios do envelhecimento no Brasil e destacou a import\u00e2ncia da aten\u00e7\u00e3o integral \u00e0 pessoa idosa, com pol\u00edticas intersetoriais que garantam dignidade, cuidado e participa\u00e7\u00e3o.<\/p>\n<p>Foram debatidos cinco eixos tem\u00e1ticos: financiamento das pol\u00edticas p\u00fablicas; fortalecimento das a\u00e7\u00f5es de sa\u00fade e cuidado; enfrentamento da viol\u00eancia e abandono; participa\u00e7\u00e3o social e protagonismo na velhice; e fortalecimento dos conselhos como pol\u00edtica de Estado. Os participantes se dividiram em grupos de trabalho (GTs) para discutir propostas em cada um desses eixos, as quais foram consolidadas na plen\u00e1ria final.<\/p>\n<p>Durante a plen\u00e1ria, tamb\u00e9m foram eleitas duas delegadas titulares e suplentes para representar Aruj\u00e1 na etapa estadual da confer\u00eancia, sendo elas: L\u00facia Ribeiro, diretora da Igualdade Racial, como representante titular do poder p\u00fablico, e Ida Alves de Jesus, como representante titular pela sociedade civil.<\/p>\n<p>Tamb\u00e9m estiveram presentes na confer\u00eancia a secret\u00e1ria municipal de Assist\u00eancia Social, Juliana Daniel, a secret\u00e1ria adjunta Adriana Ferreira, a presidente da C\u00e2mara Municipal, vereadora Prof\u00aa Cris do Barreto, demais vereadores, a presidente do CMI e coordenadora do CCI, Luciana Gontan, Luiz Fernando, coordenador da Casa dos Conselhos, Ana Poli, da diretoria da Mulher d Hadassa Machado, da diretoria da Pessoa com Defici\u00eancia, al\u00e9m dos membros da comiss\u00e3o organizadora, Vanessa Neris e Regina Brito, bem como a diretora da Vigil\u00e2ncia e Conscientiza\u00e7\u00e3o da Sa\u00fade de Aruj\u00e1, Solange Dutra.<\/p>\n<p>As propostas aprovadas e os debates realizados seguir\u00e3o agora para a etapa estadual, que deve ocorrer at\u00e9 o final de agosto. A culmin\u00e2ncia do processo ser\u00e1 a 6\u00aa Confer\u00eancia Nacional dos Direitos da Pessoa Idosa, marcada para o in\u00edcio de novembro, em Bras\u00edlia, onde representantes de todo o pa\u00eds definir\u00e3o as diretrizes nacionais para o fortalecimento das pol\u00edticas p\u00fablicas voltadas \u00e0 pessoa idosa.<\/p>\n","protected":false},"excerpt":{"rendered":"<p>Realizada na manh\u00e3 desta quinta-feira (8), no Centro de Conviv\u00eancia do Idoso (CCI), em Aruj\u00e1, a 4\u00aa Confer\u00eancia Municipal dos Direitos da Pessoa Idosa reuniu representantes do poder p\u00fablico, sociedade civil e conselhos municipais para debater e aprovar propostas voltadas ao fortalecimento das pol\u00edticas p\u00fablicas para a popula\u00e7\u00e3o idosa. Com o tema \u201cEnvelhecimento Multicultural e [&hellip;]<\/p>\n","protected":false},"author":1,"featured_media":24777,"comment_status":"open","ping_status":"open","sticky":false,"template":"","format":"standard","meta":{"footnotes":""},"categories":[4],"tags":[],"class_list":{"0":"post-24776","1":"post","2":"type-post","3":"status-publish","4":"format-standard","5":"has-post-thumbnail","7":"category-aruja"},"_links":{"self":[{"href":"https:\/\/jm-metropole.com.br\/site\/wp-json\/wp\/v2\/posts\/24776","targetHints":{"allow":["GET"]}}],"collection":[{"href":"https:\/\/jm-metropole.com.br\/site\/wp-json\/wp\/v2\/posts"}],"about":[{"href":"https:\/\/jm-metropole.com.br\/site\/wp-json\/wp\/v2\/types\/post"}],"author":[{"embeddable":true,"href":"https:\/\/jm-metropole.com.br\/site\/wp-json\/wp\/v2\/users\/1"}],"replies":[{"embeddable":true,"href":"https:\/\/jm-metropole.com.br\/site\/wp-json\/wp\/v2\/comments?post=24776"}],"version-history":[{"count":1,"href":"https:\/\/jm-metropole.com.br\/site\/wp-json\/wp\/v2\/posts\/24776\/revisions"}],"predecessor-version":[{"id":24778,"href":"https:\/\/jm-metropole.com.br\/site\/wp-json\/wp\/v2\/posts\/24776\/revisions\/24778"}],"wp:featuredmedia":[{"embeddable":true,"href":"https:\/\/jm-metropole.com.br\/site\/wp-json\/wp\/v2\/media\/24777"}],"wp:attachment":[{"href":"https:\/\/jm-metropole.com.br\/site\/wp-json\/wp\/v2\/media?parent=24776"}],"wp:term":[{"taxonomy":"category","embeddable":true,"href":"https:\/\/jm-metropole.com.br\/site\/wp-json\/wp\/v2\/categories?post=24776"},{"taxonomy":"post_tag","embeddable":true,"href":"https:\/\/jm-metropole.com.br\/site\/wp-json\/wp\/v2\/tags?post=24776"}],"curies":[{"name":"wp","href":"https:\/\/api.w.org\/{rel}","templated":true}]}}