{"id":24773,"date":"2025-05-09T12:43:41","date_gmt":"2025-05-09T15:43:41","guid":{"rendered":"https:\/\/jm-metropole.com.br\/site\/?p=24773"},"modified":"2025-05-09T12:43:41","modified_gmt":"2025-05-09T15:43:41","slug":"teatro-do-ceu-ponte-alta-recebe-espetaculo-infantil-sobre-diversidade-e-inclusao","status":"publish","type":"post","link":"https:\/\/jm-metropole.com.br\/site\/teatro-do-ceu-ponte-alta-recebe-espetaculo-infantil-sobre-diversidade-e-inclusao\/","title":{"rendered":"Teatro do CEU Ponte Alta recebe espet\u00e1culo infantil sobre diversidade e inclus\u00e3o"},"content":{"rendered":"<p>Nesta quinta-feira (8) os alunos da EPG Edson Nunes Malecka assistiram ao espet\u00e1culo infantil \u201cDiferente \u00e9 o Espelho\u201d, no teatro do CEU Ponte Alta. A produ\u00e7\u00e3o abordou de forma l\u00fadica e sens\u00edvel os temas diversidade, inclus\u00e3o e bullying, al\u00e9m de refor\u00e7ar valores como empatia e respeito \u00e0s diferen\u00e7as.<\/p>\n<p>A pe\u00e7a teatral apresentou o cotidiano de quatro amigos que enfrentam desafios comuns da adolesc\u00eancia, como busca por aceita\u00e7\u00e3o, inseguran\u00e7as com a apar\u00eancia e conflitos causados pelas diferen\u00e7as. A trama se intensificou quando o grupo decidiu participar de um concurso de v\u00eddeos em uma rede social e deparou com situa\u00e7\u00f5es que escalaram para o bullying. A virada aconteceu quando os personagens perceberam que todos t\u00eam suas pr\u00f3prias inseguran\u00e7as e que respeitar as diferen\u00e7as \u00e9 essencial para a conviv\u00eancia.<\/p>\n<p>Al\u00e9m de reunir entretenimento, educa\u00e7\u00e3o e forma\u00e7\u00e3o cidad\u00e3 em um s\u00f3 palco, \u201cDiferente \u00e9 o Espelho\u201d \u00e9 um exemplo de como a arte pode ser instrumento de transforma\u00e7\u00e3o.<\/p>\n<p>A apresenta\u00e7\u00e3o foi viabilizada pelo Programa de A\u00e7\u00e3o Cultural do Estado de S\u00e3o Paulo (Proac) e voltada a crian\u00e7as de nove a 13 anos, garantindo o acesso de jovens de diferentes realidades \u00e0 cultura e ao teatro de qualidade.<\/p>\n","protected":false},"excerpt":{"rendered":"<p>Nesta quinta-feira (8) os alunos da EPG Edson Nunes Malecka assistiram ao espet\u00e1culo infantil \u201cDiferente \u00e9 o Espelho\u201d, no teatro do CEU Ponte Alta. A produ\u00e7\u00e3o abordou de forma l\u00fadica e sens\u00edvel os temas diversidade, inclus\u00e3o e bullying, al\u00e9m de refor\u00e7ar valores como empatia e respeito \u00e0s diferen\u00e7as. A pe\u00e7a teatral apresentou o cotidiano de [&hellip;]<\/p>\n","protected":false},"author":1,"featured_media":24774,"comment_status":"open","ping_status":"open","sticky":false,"template":"","format":"standard","meta":{"footnotes":""},"categories":[3],"tags":[],"class_list":{"0":"post-24773","1":"post","2":"type-post","3":"status-publish","4":"format-standard","5":"has-post-thumbnail","7":"category-guarulhos"},"_links":{"self":[{"href":"https:\/\/jm-metropole.com.br\/site\/wp-json\/wp\/v2\/posts\/24773","targetHints":{"allow":["GET"]}}],"collection":[{"href":"https:\/\/jm-metropole.com.br\/site\/wp-json\/wp\/v2\/posts"}],"about":[{"href":"https:\/\/jm-metropole.com.br\/site\/wp-json\/wp\/v2\/types\/post"}],"author":[{"embeddable":true,"href":"https:\/\/jm-metropole.com.br\/site\/wp-json\/wp\/v2\/users\/1"}],"replies":[{"embeddable":true,"href":"https:\/\/jm-metropole.com.br\/site\/wp-json\/wp\/v2\/comments?post=24773"}],"version-history":[{"count":1,"href":"https:\/\/jm-metropole.com.br\/site\/wp-json\/wp\/v2\/posts\/24773\/revisions"}],"predecessor-version":[{"id":24775,"href":"https:\/\/jm-metropole.com.br\/site\/wp-json\/wp\/v2\/posts\/24773\/revisions\/24775"}],"wp:featuredmedia":[{"embeddable":true,"href":"https:\/\/jm-metropole.com.br\/site\/wp-json\/wp\/v2\/media\/24774"}],"wp:attachment":[{"href":"https:\/\/jm-metropole.com.br\/site\/wp-json\/wp\/v2\/media?parent=24773"}],"wp:term":[{"taxonomy":"category","embeddable":true,"href":"https:\/\/jm-metropole.com.br\/site\/wp-json\/wp\/v2\/categories?post=24773"},{"taxonomy":"post_tag","embeddable":true,"href":"https:\/\/jm-metropole.com.br\/site\/wp-json\/wp\/v2\/tags?post=24773"}],"curies":[{"name":"wp","href":"https:\/\/api.w.org\/{rel}","templated":true}]}}