{"id":24769,"date":"2025-05-09T12:42:19","date_gmt":"2025-05-09T15:42:19","guid":{"rendered":"https:\/\/jm-metropole.com.br\/site\/?p=24769"},"modified":"2025-05-09T12:42:19","modified_gmt":"2025-05-09T15:42:19","slug":"policiamento-municipal-de-guarulhos-prende-homem-por-tentativa-de-homicidio-no-aeroporto","status":"publish","type":"post","link":"https:\/\/jm-metropole.com.br\/site\/policiamento-municipal-de-guarulhos-prende-homem-por-tentativa-de-homicidio-no-aeroporto\/","title":{"rendered":"Policiamento Municipal de Guarulhos prende homem por tentativa de homic\u00eddio no Aeroporto"},"content":{"rendered":"<p>O Policiamento Municipal de Guarulhos prendeu, na tarde de quarta-feira (7), um homem por tentativa de homic\u00eddio na \u00e1rea de desembarque de passageiros do Aeroporto Internacional de S\u00e3o Paulo\/Guarulhos \u2013 Governador Andr\u00e9 Franco Montoro.<\/p>\n<p>A a\u00e7\u00e3o foi realizada pela equipe da Coordenadoria Operacional do Policiamento, que estava de servi\u00e7o com a Base M\u00f3vel no local. Os agentes flagraram uma briga entre dois homens, posteriormente identificados como motoristas de aplicativo. Durante o conflito, um dos envolvidos desferiu um golpe de faca no t\u00f3rax do outro.<\/p>\n<p>Os guardas agiram imediatamente para conter a situa\u00e7\u00e3o e efetuaram a pris\u00e3o do agressor. A v\u00edtima recebeu os primeiros socorros da equipe m\u00e9dica de emerg\u00eancia do aeroporto e foi encaminhada ao Hospital Geral de Guarulhos, onde foi atendida e recebeu alta m\u00e9dica.<\/p>\n<p>O agressor foi conduzido \u00e0 3\u00aa Delegacia de Pol\u00edcia de Atendimento ao Turista (Deatur), localizada no pr\u00f3prio aeroporto, onde foi registrado o auto de pris\u00e3o em flagrante por tentativa de homic\u00eddio. A faca utilizada no crime foi apreendida, e a cena do ocorrido foi preservada para per\u00edcia da Pol\u00edcia Civil.<\/p>\n<p>A GCM refor\u00e7a seu compromisso com a seguran\u00e7a da popula\u00e7\u00e3o e a pronta resposta a situa\u00e7\u00f5es de emerg\u00eancia, inclusive em \u00e1reas de grande circula\u00e7\u00e3o como a do aeroporto.<\/p>\n","protected":false},"excerpt":{"rendered":"<p>O Policiamento Municipal de Guarulhos prendeu, na tarde de quarta-feira (7), um homem por tentativa de homic\u00eddio na \u00e1rea de desembarque de passageiros do Aeroporto Internacional de S\u00e3o Paulo\/Guarulhos \u2013 Governador Andr\u00e9 Franco Montoro. A a\u00e7\u00e3o foi realizada pela equipe da Coordenadoria Operacional do Policiamento, que estava de servi\u00e7o com a Base M\u00f3vel no local. [&hellip;]<\/p>\n","protected":false},"author":1,"featured_media":24770,"comment_status":"open","ping_status":"open","sticky":false,"template":"","format":"standard","meta":{"footnotes":""},"categories":[3],"tags":[],"class_list":{"0":"post-24769","1":"post","2":"type-post","3":"status-publish","4":"format-standard","5":"has-post-thumbnail","7":"category-guarulhos"},"_links":{"self":[{"href":"https:\/\/jm-metropole.com.br\/site\/wp-json\/wp\/v2\/posts\/24769","targetHints":{"allow":["GET"]}}],"collection":[{"href":"https:\/\/jm-metropole.com.br\/site\/wp-json\/wp\/v2\/posts"}],"about":[{"href":"https:\/\/jm-metropole.com.br\/site\/wp-json\/wp\/v2\/types\/post"}],"author":[{"embeddable":true,"href":"https:\/\/jm-metropole.com.br\/site\/wp-json\/wp\/v2\/users\/1"}],"replies":[{"embeddable":true,"href":"https:\/\/jm-metropole.com.br\/site\/wp-json\/wp\/v2\/comments?post=24769"}],"version-history":[{"count":1,"href":"https:\/\/jm-metropole.com.br\/site\/wp-json\/wp\/v2\/posts\/24769\/revisions"}],"predecessor-version":[{"id":24771,"href":"https:\/\/jm-metropole.com.br\/site\/wp-json\/wp\/v2\/posts\/24769\/revisions\/24771"}],"wp:featuredmedia":[{"embeddable":true,"href":"https:\/\/jm-metropole.com.br\/site\/wp-json\/wp\/v2\/media\/24770"}],"wp:attachment":[{"href":"https:\/\/jm-metropole.com.br\/site\/wp-json\/wp\/v2\/media?parent=24769"}],"wp:term":[{"taxonomy":"category","embeddable":true,"href":"https:\/\/jm-metropole.com.br\/site\/wp-json\/wp\/v2\/categories?post=24769"},{"taxonomy":"post_tag","embeddable":true,"href":"https:\/\/jm-metropole.com.br\/site\/wp-json\/wp\/v2\/tags?post=24769"}],"curies":[{"name":"wp","href":"https:\/\/api.w.org\/{rel}","templated":true}]}}