{"id":24763,"date":"2025-05-08T11:28:45","date_gmt":"2025-05-08T14:28:45","guid":{"rendered":"https:\/\/jm-metropole.com.br\/site\/?p=24763"},"modified":"2025-05-08T11:28:45","modified_gmt":"2025-05-08T14:28:45","slug":"especial-para-voce-venha-participar-da-1a-acao-social-do-mes-das-maes-e-de-quem-cuida","status":"publish","type":"post","link":"https:\/\/jm-metropole.com.br\/site\/especial-para-voce-venha-participar-da-1a-acao-social-do-mes-das-maes-e-de-quem-cuida\/","title":{"rendered":"ESPECIAL PARA VOC\u00ca: VENHA PARTICIPAR DA &#8220;1\u00aa A\u00c7\u00c3O SOCIAL DO M\u00caS DAS M\u00c3ES E DE QUEM CUIDA&#8221;"},"content":{"rendered":"<p>Nesta sexta-feira (09), na Pra\u00e7a &#8220;Benedito Ferreira Franco&#8221; (a Pra\u00e7a do Coreto), no Centro da cidade, das 9 \u00e0s 15hs, acontece a &#8220;1\u00aa A\u00e7\u00e3o Social do M\u00eas das M\u00e3es e de Quem Cuida&#8221;, O evento \u00e9 uma iniciativa da Prefeitura de Aruj\u00e1, Diretoria da Mulher, por meio da Secretaria Municipal de Assist\u00eancia Social e ter\u00e3o v\u00e1rias tendas com produtos e servi\u00e7os diversos voltados principalmente ao p\u00fablico feminino, tais como:<br \/>\nRede de Apoio CREAS\/CRAS Orienta\u00e7\u00f5es da Patrulha Maria da Penha da GCM<br \/>\n* Testes de Diabetes e Aferi\u00e7\u00e3o de Press\u00e3o Arterial<br \/>\n* \ufe0e Sa\u00fade nos Bairros<br \/>\n* Testes R\u00e1pidos de Infec\u00e7\u00f5es Sexualmente Transmiss\u00edveis (ISTs)<br \/>\n* Vacina\u00e7\u00e3o<br \/>\n* Servi\u00e7os m\u00f3veis do Aruj\u00e1 Emprega com orienta\u00e7\u00f5es de vagas e cursos de capacita\u00e7\u00e3o<br \/>\n* Artesanato<\/p>\n<p>Al\u00e9m de:<br \/>\nAcupuntura<br \/>\nPsicologia<br \/>\nNutri\u00e7\u00e3o<br \/>\nFonoaudiologia<br \/>\nCasa Rosa &amp; Azul<br \/>\nApresenta\u00e7\u00e3o da Rede de Apoio<br \/>\nFundo Social de Solidariedade<br \/>\nCorte de cabelo e tran\u00e7as<br \/>\nDesigner de sobrancelhas<br \/>\nEsmalta\u00e7\u00e3o<br \/>\nBarbearia<br \/>\nAutomaquiagem<br \/>\nMassagem\/Massoterapia<br \/>\nOzonioterapia aplicada \u00e0 beleza<br \/>\nBiorresson\u00e2ncia Magn\u00e9tica<br \/>\nAromaterapia<\/p>\n<p>ORIENTA\u00c7\u00d5ES<br \/>\nINSS<br \/>\nPROCON<br \/>\nJUR\u00cdDICAS<br \/>\nSEBRAE<\/p>\n<p>E um profissional de ritmos e dan\u00e7a das 11 \u00e0s 13h para todas dan\u00e7arem e se divertirem tamb\u00e9m!<\/p>\n","protected":false},"excerpt":{"rendered":"<p>Nesta sexta-feira (09), na Pra\u00e7a &#8220;Benedito Ferreira Franco&#8221; (a Pra\u00e7a do Coreto), no Centro da cidade, das 9 \u00e0s 15hs, acontece a &#8220;1\u00aa A\u00e7\u00e3o Social do M\u00eas das M\u00e3es e de Quem Cuida&#8221;, O evento \u00e9 uma iniciativa da Prefeitura de Aruj\u00e1, Diretoria da Mulher, por meio da Secretaria Municipal de Assist\u00eancia Social e ter\u00e3o [&hellip;]<\/p>\n","protected":false},"author":1,"featured_media":24764,"comment_status":"open","ping_status":"open","sticky":false,"template":"","format":"standard","meta":{"footnotes":""},"categories":[4],"tags":[],"class_list":{"0":"post-24763","1":"post","2":"type-post","3":"status-publish","4":"format-standard","5":"has-post-thumbnail","7":"category-aruja"},"_links":{"self":[{"href":"https:\/\/jm-metropole.com.br\/site\/wp-json\/wp\/v2\/posts\/24763","targetHints":{"allow":["GET"]}}],"collection":[{"href":"https:\/\/jm-metropole.com.br\/site\/wp-json\/wp\/v2\/posts"}],"about":[{"href":"https:\/\/jm-metropole.com.br\/site\/wp-json\/wp\/v2\/types\/post"}],"author":[{"embeddable":true,"href":"https:\/\/jm-metropole.com.br\/site\/wp-json\/wp\/v2\/users\/1"}],"replies":[{"embeddable":true,"href":"https:\/\/jm-metropole.com.br\/site\/wp-json\/wp\/v2\/comments?post=24763"}],"version-history":[{"count":1,"href":"https:\/\/jm-metropole.com.br\/site\/wp-json\/wp\/v2\/posts\/24763\/revisions"}],"predecessor-version":[{"id":24765,"href":"https:\/\/jm-metropole.com.br\/site\/wp-json\/wp\/v2\/posts\/24763\/revisions\/24765"}],"wp:featuredmedia":[{"embeddable":true,"href":"https:\/\/jm-metropole.com.br\/site\/wp-json\/wp\/v2\/media\/24764"}],"wp:attachment":[{"href":"https:\/\/jm-metropole.com.br\/site\/wp-json\/wp\/v2\/media?parent=24763"}],"wp:term":[{"taxonomy":"category","embeddable":true,"href":"https:\/\/jm-metropole.com.br\/site\/wp-json\/wp\/v2\/categories?post=24763"},{"taxonomy":"post_tag","embeddable":true,"href":"https:\/\/jm-metropole.com.br\/site\/wp-json\/wp\/v2\/tags?post=24763"}],"curies":[{"name":"wp","href":"https:\/\/api.w.org\/{rel}","templated":true}]}}