{"id":24760,"date":"2025-05-08T11:27:38","date_gmt":"2025-05-08T14:27:38","guid":{"rendered":"https:\/\/jm-metropole.com.br\/site\/?p=24760"},"modified":"2025-05-08T11:27:38","modified_gmt":"2025-05-08T14:27:38","slug":"no-mes-da-reciclagem-itaqua-inaugura-21o-ecoponto-no-morro-branco","status":"publish","type":"post","link":"https:\/\/jm-metropole.com.br\/site\/no-mes-da-reciclagem-itaqua-inaugura-21o-ecoponto-no-morro-branco\/","title":{"rendered":"No m\u00eas da reciclagem, Itaqu\u00e1 inaugura 21\u00ba ecoponto no Morro Branco"},"content":{"rendered":"<p>Equipamento funciona de segunda a s\u00e1bado, das 8h \u00e0s 17h<\/p>\n<p>A Prefeitura de Itaquaquecetuba inaugurou, na quarta-feira (7), o 21\u00ba ecoponto, dando continuidade \u00e0s a\u00e7\u00f5es de combate ao descarte irregular no m\u00eas da reciclagem. O funcionamento \u00e9 de segunda a s\u00e1bado, das 8h \u00e0s 17h, e o espa\u00e7o possui cinco ca\u00e7ambas e um coletor de l\u00e2mpadas.<\/p>\n<p>A equipamento fica na rua Professor Cl\u00f3vis da Silva Alves, no Morro Branco, e recebe m\u00f3veis desmontados, madeiras, recicl\u00e1veis, res\u00edduos de constru\u00e7\u00e3o civil e l\u00e2mpadas. A unidade pode receber at\u00e9 dez sacos de 100 litros de res\u00edduos de cada morador por m\u00eas.<\/p>\n<p>\u201cQueremos estimular a reflex\u00e3o sobre a import\u00e2ncia de separar os res\u00edduos e contribuir para um futuro sustent\u00e1vel. Os ecopontos s\u00e3o verdadeiros presentes para a popula\u00e7\u00e3o. Com a cidade mais limpa, os bueiros n\u00e3o entopem e, consequentemente, evitamos enchentes\u201d, destacou o prefeito Eduardo Boigues.<\/p>\n<p>Na ocasi\u00e3o, os moradores do entorno marcaram presen\u00e7a e celebraram o in\u00edcio das atividades do equipamento. \u201cEstamos conscientizando a popula\u00e7\u00e3o sobre os cuidados com o meio ambiente. Nenhuma outra cidade da regi\u00e3o conta com tantos ecopontos. Vamos comemorar juntos mais essa conquista\u201d, completou a secret\u00e1ria de Meio Ambiente e Saneamento, Yasmim Zampieri.<\/p>\n<p>Fotos: Dayane Oliveira<\/p>\n","protected":false},"excerpt":{"rendered":"<p>Equipamento funciona de segunda a s\u00e1bado, das 8h \u00e0s 17h A Prefeitura de Itaquaquecetuba inaugurou, na quarta-feira (7), o 21\u00ba ecoponto, dando continuidade \u00e0s a\u00e7\u00f5es de combate ao descarte irregular no m\u00eas da reciclagem. O funcionamento \u00e9 de segunda a s\u00e1bado, das 8h \u00e0s 17h, e o espa\u00e7o possui cinco ca\u00e7ambas e um coletor de [&hellip;]<\/p>\n","protected":false},"author":1,"featured_media":24761,"comment_status":"open","ping_status":"open","sticky":false,"template":"","format":"standard","meta":{"footnotes":""},"categories":[6],"tags":[],"class_list":{"0":"post-24760","1":"post","2":"type-post","3":"status-publish","4":"format-standard","5":"has-post-thumbnail","7":"category-itaqua"},"_links":{"self":[{"href":"https:\/\/jm-metropole.com.br\/site\/wp-json\/wp\/v2\/posts\/24760","targetHints":{"allow":["GET"]}}],"collection":[{"href":"https:\/\/jm-metropole.com.br\/site\/wp-json\/wp\/v2\/posts"}],"about":[{"href":"https:\/\/jm-metropole.com.br\/site\/wp-json\/wp\/v2\/types\/post"}],"author":[{"embeddable":true,"href":"https:\/\/jm-metropole.com.br\/site\/wp-json\/wp\/v2\/users\/1"}],"replies":[{"embeddable":true,"href":"https:\/\/jm-metropole.com.br\/site\/wp-json\/wp\/v2\/comments?post=24760"}],"version-history":[{"count":1,"href":"https:\/\/jm-metropole.com.br\/site\/wp-json\/wp\/v2\/posts\/24760\/revisions"}],"predecessor-version":[{"id":24762,"href":"https:\/\/jm-metropole.com.br\/site\/wp-json\/wp\/v2\/posts\/24760\/revisions\/24762"}],"wp:featuredmedia":[{"embeddable":true,"href":"https:\/\/jm-metropole.com.br\/site\/wp-json\/wp\/v2\/media\/24761"}],"wp:attachment":[{"href":"https:\/\/jm-metropole.com.br\/site\/wp-json\/wp\/v2\/media?parent=24760"}],"wp:term":[{"taxonomy":"category","embeddable":true,"href":"https:\/\/jm-metropole.com.br\/site\/wp-json\/wp\/v2\/categories?post=24760"},{"taxonomy":"post_tag","embeddable":true,"href":"https:\/\/jm-metropole.com.br\/site\/wp-json\/wp\/v2\/tags?post=24760"}],"curies":[{"name":"wp","href":"https:\/\/api.w.org\/{rel}","templated":true}]}}