{"id":24718,"date":"2025-05-07T08:49:16","date_gmt":"2025-05-07T11:49:16","guid":{"rendered":"https:\/\/jm-metropole.com.br\/site\/?p=24718"},"modified":"2025-05-07T08:49:16","modified_gmt":"2025-05-07T11:49:16","slug":"em-itaqua-campanha-maio-amarelo-de-prevencao-contra-acidentes-no-transito-comeca-nesta-terca-6","status":"publish","type":"post","link":"https:\/\/jm-metropole.com.br\/site\/em-itaqua-campanha-maio-amarelo-de-prevencao-contra-acidentes-no-transito-comeca-nesta-terca-6\/","title":{"rendered":"Em Itaqu\u00e1, campanha Maio Amarelo de preven\u00e7\u00e3o contra acidentes no tr\u00e2nsito come\u00e7a nesta ter\u00e7a (6)"},"content":{"rendered":"<p>Programa\u00e7\u00e3o conta com aulas, teatro, blitz educativa e simulador de impacto<\/p>\n<p>A Secretaria de Mobilidade Urbana de Itaquaquecetuba inicia, nesta ter\u00e7a-feira (6), a campanha Maio Amarelo de conscientiza\u00e7\u00e3o para seguran\u00e7a no tr\u00e2nsito. O cronograma se estende por todo o m\u00eas e conta com aul\u00e3o em escolas municipais, teatro para idosos e blitz educativa. A novidade deste ano \u00e9 o simulador de impacto com realidade virtual.<\/p>\n<p>Na ter\u00e7a (6), o projeto \u201cItaqu\u00e1 de olho no tr\u00e2nsito e p\u00e9 na faixa\u201d, idealizado pela pasta em parceria com a Secretaria de Educa\u00e7\u00e3o, chega \u00e0 Emeb Prefeito Benedito Barbosa de Moraes. Na quinta (8) vai desembarcar na Emeb Rui Alberto Pestana Henriques e, nos dias 12 e 15, nas unidades Guilherme Donizete da Silva dos Santos e Benedito Vieira da Mota, respectivamente.<\/p>\n<p>Os estudantes receber\u00e3o orienta\u00e7\u00f5es sobre cuidados e seguran\u00e7a no tr\u00e2nsito com material audiovisual e uma faixa de pedestres para simular como atravessar a rua de forma segura.<\/p>\n<p>No dia 22, das 8h \u00e0s 13h, a pra\u00e7a Padre Jo\u00e3o \u00c1lvares, no Centro, recebe um simulador de impacto com realidade virtual em parceria com a Ecopistas. O equipamento combina a sensa\u00e7\u00e3o f\u00edsica de uma colis\u00e3o frontal com recursos audiovisuais por meio de \u00f3culos com v\u00eddeo imersivo e busca alertar sobre a import\u00e2ncia do uso do cinto de seguran\u00e7a.<\/p>\n<p>\u201cEsse dispositivo inovador recria de forma realista uma colis\u00e3o causada por imprud\u00eancia no tr\u00e2nsito. Nosso objetivo \u00e9 conscientizar a popula\u00e7\u00e3o. Queremos capacitar todos para que tenham atitudes corretas\u201d, destacou o secret\u00e1rio de Mobilidade Urbana, Rosinaldo Castro.<\/p>\n<p>A a\u00e7\u00e3o contar\u00e1 com a participa\u00e7\u00e3o do Departamento Estadual de Tr\u00e2nsito (Detran) de SP, da Pol\u00edcia Rodovi\u00e1ria Estadual e membros do Centro de Conviv\u00eancia da Melhor Idade (CEMI). Tamb\u00e9m ser\u00e1 realizada uma blitz educativa no local, com orienta\u00e7\u00e3o sobre acidentes de tr\u00e2nsito e suas consequ\u00eancias. J\u00e1 no dia 28, das 9h \u00e0s 12h, haver\u00e1 uma apresenta\u00e7\u00e3o teatral de encerramento da campanha no CEMI (avenida \u00cdtalo Adami, 136 &#8211; Vila Zeferina) sobre atitudes seguras com a participa\u00e7\u00e3o dos idosos.<\/p>\n<p>\u201cAl\u00e9m da conscientiza\u00e7\u00e3o, intensificamos a fiscaliza\u00e7\u00e3o em pontos estrat\u00e9gicos com foco na preven\u00e7\u00e3o de comportamentos perigosos, melhoramos a infraestrutura vi\u00e1ria com sinaliza\u00e7\u00e3o adequada, implementamos redutores de velocidade, sem\u00e1foros inteligentes, melhoramos a ilumina\u00e7\u00e3o p\u00fablica e adequamos cruzamentos para tornar as vias mais seguras e acess\u00edveis\u201d, revelou o prefeito Eduardo Boigues<\/p>\n<p>Itaqu\u00e1 \u00e9 a \u00fanica cidade do Alto Tiet\u00ea com uma escolinha de tr\u00e2nsito que atende toda a rede municipal de ensino, conscientizando sobre o uso de equipamentos de seguran\u00e7a e de comportamentos seguros no tr\u00e2nsito.<\/p>\n<p>Fotos: Dayane Oliveira<\/p>\n","protected":false},"excerpt":{"rendered":"<p>Programa\u00e7\u00e3o conta com aulas, teatro, blitz educativa e simulador de impacto A Secretaria de Mobilidade Urbana de Itaquaquecetuba inicia, nesta ter\u00e7a-feira (6), a campanha Maio Amarelo de conscientiza\u00e7\u00e3o para seguran\u00e7a no tr\u00e2nsito. O cronograma se estende por todo o m\u00eas e conta com aul\u00e3o em escolas municipais, teatro para idosos e blitz educativa. A novidade [&hellip;]<\/p>\n","protected":false},"author":1,"featured_media":24719,"comment_status":"open","ping_status":"open","sticky":false,"template":"","format":"standard","meta":{"footnotes":""},"categories":[6],"tags":[],"class_list":{"0":"post-24718","1":"post","2":"type-post","3":"status-publish","4":"format-standard","5":"has-post-thumbnail","7":"category-itaqua"},"_links":{"self":[{"href":"https:\/\/jm-metropole.com.br\/site\/wp-json\/wp\/v2\/posts\/24718","targetHints":{"allow":["GET"]}}],"collection":[{"href":"https:\/\/jm-metropole.com.br\/site\/wp-json\/wp\/v2\/posts"}],"about":[{"href":"https:\/\/jm-metropole.com.br\/site\/wp-json\/wp\/v2\/types\/post"}],"author":[{"embeddable":true,"href":"https:\/\/jm-metropole.com.br\/site\/wp-json\/wp\/v2\/users\/1"}],"replies":[{"embeddable":true,"href":"https:\/\/jm-metropole.com.br\/site\/wp-json\/wp\/v2\/comments?post=24718"}],"version-history":[{"count":1,"href":"https:\/\/jm-metropole.com.br\/site\/wp-json\/wp\/v2\/posts\/24718\/revisions"}],"predecessor-version":[{"id":24720,"href":"https:\/\/jm-metropole.com.br\/site\/wp-json\/wp\/v2\/posts\/24718\/revisions\/24720"}],"wp:featuredmedia":[{"embeddable":true,"href":"https:\/\/jm-metropole.com.br\/site\/wp-json\/wp\/v2\/media\/24719"}],"wp:attachment":[{"href":"https:\/\/jm-metropole.com.br\/site\/wp-json\/wp\/v2\/media?parent=24718"}],"wp:term":[{"taxonomy":"category","embeddable":true,"href":"https:\/\/jm-metropole.com.br\/site\/wp-json\/wp\/v2\/categories?post=24718"},{"taxonomy":"post_tag","embeddable":true,"href":"https:\/\/jm-metropole.com.br\/site\/wp-json\/wp\/v2\/tags?post=24718"}],"curies":[{"name":"wp","href":"https:\/\/api.w.org\/{rel}","templated":true}]}}