{"id":24712,"date":"2025-05-06T16:32:30","date_gmt":"2025-05-06T19:32:30","guid":{"rendered":"https:\/\/jm-metropole.com.br\/site\/?p=24712"},"modified":"2025-05-06T16:32:30","modified_gmt":"2025-05-06T19:32:30","slug":"papamovel-sera-transformado-em-unidade-de-saude-para-criancas-em-gaza","status":"publish","type":"post","link":"https:\/\/jm-metropole.com.br\/site\/papamovel-sera-transformado-em-unidade-de-saude-para-criancas-em-gaza\/","title":{"rendered":"Papam\u00f3vel ser\u00e1 transformado em unidade de sa\u00fade para crian\u00e7as em Gaza"},"content":{"rendered":"<div class=\"header-noticia full-width\">\n<div class=\"linha-fina-noticia\">Desejo do pr\u00f3prio pont\u00edfice ser\u00e1 providenciado pela Caritas Jerusal\u00e9m<\/div>\n<\/div>\n<div class=\"container-autoria\"><\/div>\n<div>\n<p>O ve\u00edculo utilizado pelo papa Francisco, popularmente conhecido como papam\u00f3vel,\u00a0<strong>ser\u00e1 transformado de forma que possa servir como uma unidade de sa\u00fade m\u00f3vel<\/strong>\u00a0para atender crian\u00e7as na Faixa de Gaza. De acordo com o Vaticano,\u00a0<strong>a adapta\u00e7\u00e3o foi um pedido feito pelo pr\u00f3prio pont\u00edfice<\/strong>.<img decoding=\"async\" src=\"https:\/\/agenciabrasil.ebc.com.br\/ebc.png?id=1641439&amp;o=node\" \/><img decoding=\"async\" src=\"https:\/\/agenciabrasil.ebc.com.br\/ebc.gif?id=1641439&amp;o=node\" \/><\/p>\n<p>Em nota, a Santa S\u00e9 destacou que o legado de paz deixado por Francisco \u201ccontinua a brilhar\u201d em um mundo assolado por conflitos. \u201cA proximidade que ele demonstrou aos mais vulner\u00e1veis \u200b\u200bdurante sua miss\u00e3o terrena continua irradiando mesmo ap\u00f3s sua morte\u201d, completou. O 266\u00ba papa, e o primeiro das Am\u00e9ricas,\u00a0<a href=\"https:\/\/agenciabrasil.ebc.com.br\/internacional\/noticia\/2025-04\/papa-francisco-morre-aos-88-anos\" target=\"_blank\" rel=\"noopener\">morreu no \u00faltimo dia 21 de abril<\/a>.<\/p>\n<p>\u201cFoi seu \u00faltimo desejo para um povo a quem demonstrou tanta solidariedade ao longo do seu pontificado, sobretudo ao longo dos \u00faltimos anos\u201d, destacou o Vaticano. De acordo com o comunicado, o pedido foi feito j\u00e1 em meio aos \u00faltimos meses de vida de Francisco,\u00a0<strong>que confiou a iniciativa \u00e0 organiza\u00e7\u00e3o humanit\u00e1ria Caritas Jerusal\u00e9m<\/strong>.<\/p>\n<p>\u201cEm meio \u00e0 guerra terr\u00edvel, \u00e0 infraestrutura em colapso, a um sistema de sa\u00fade mutilado e \u00e0 falta de educa\u00e7\u00e3o, as crian\u00e7as s\u00e3o as primeiras a pagar o pre\u00e7o, com a fome, as infec\u00e7\u00f5es e outras doen\u00e7as evit\u00e1veis \u200b\u200bcolocando suas vidas em risco\u201d, ressaltou a Santa S\u00e9.<\/p>\n<p>\u201cPapa Francisco costumava dizer: \u2018Crian\u00e7as n\u00e3o s\u00e3o n\u00fameros. S\u00e3o rostos. Nomes. Hist\u00f3rias. E cada uma delas \u00e9 sagrada\u2019 e, com este \u00faltimo presente, suas palavras se tornaram a\u00e7\u00f5es.\u201d<\/p>\n<p>Ainda segundo o Vaticano,\u00a0<strong>o papam\u00f3vel est\u00e1 sendo adaptado com equipamentos para diagn\u00f3stico, exame e tratamento<\/strong>\u00a0\u2013 incluindo testes r\u00e1pidos para infec\u00e7\u00f5es, instrumentos de diagn\u00f3stico, vacinas, kits de sutura e outros suprimentos considerados vitais para manter a sa\u00fade de crian\u00e7as em zonas de conflito.<\/p>\n<p>A equipe que utilizar\u00e1 o ve\u00edculo em Gaza ser\u00e1 composta por m\u00e9dicos e param\u00e9dicos, \u201cque alcan\u00e7ar\u00e3o\u00a0crian\u00e7as aos cantos mais isolados de Gaza assim que o acesso humanit\u00e1rio \u00e0 faixa for restabelecido\u201d, concluiu o comunicado.<\/p>\n<p>*Com informa\u00e7\u00f5es de Ag\u00eancia Brasil<\/p>\n<\/div>\n","protected":false},"excerpt":{"rendered":"<p>Desejo do pr\u00f3prio pont\u00edfice ser\u00e1 providenciado pela Caritas Jerusal\u00e9m O ve\u00edculo utilizado pelo papa Francisco, popularmente conhecido como papam\u00f3vel,\u00a0ser\u00e1 transformado de forma que possa servir como uma unidade de sa\u00fade m\u00f3vel\u00a0para atender crian\u00e7as na Faixa de Gaza. De acordo com o Vaticano,\u00a0a adapta\u00e7\u00e3o foi um pedido feito pelo pr\u00f3prio pont\u00edfice. Em nota, a Santa S\u00e9 [&hellip;]<\/p>\n","protected":false},"author":1,"featured_media":24713,"comment_status":"open","ping_status":"open","sticky":false,"template":"","format":"standard","meta":{"footnotes":""},"categories":[48],"tags":[],"class_list":{"0":"post-24712","1":"post","2":"type-post","3":"status-publish","4":"format-standard","5":"has-post-thumbnail","7":"category-geral"},"_links":{"self":[{"href":"https:\/\/jm-metropole.com.br\/site\/wp-json\/wp\/v2\/posts\/24712","targetHints":{"allow":["GET"]}}],"collection":[{"href":"https:\/\/jm-metropole.com.br\/site\/wp-json\/wp\/v2\/posts"}],"about":[{"href":"https:\/\/jm-metropole.com.br\/site\/wp-json\/wp\/v2\/types\/post"}],"author":[{"embeddable":true,"href":"https:\/\/jm-metropole.com.br\/site\/wp-json\/wp\/v2\/users\/1"}],"replies":[{"embeddable":true,"href":"https:\/\/jm-metropole.com.br\/site\/wp-json\/wp\/v2\/comments?post=24712"}],"version-history":[{"count":1,"href":"https:\/\/jm-metropole.com.br\/site\/wp-json\/wp\/v2\/posts\/24712\/revisions"}],"predecessor-version":[{"id":24714,"href":"https:\/\/jm-metropole.com.br\/site\/wp-json\/wp\/v2\/posts\/24712\/revisions\/24714"}],"wp:featuredmedia":[{"embeddable":true,"href":"https:\/\/jm-metropole.com.br\/site\/wp-json\/wp\/v2\/media\/24713"}],"wp:attachment":[{"href":"https:\/\/jm-metropole.com.br\/site\/wp-json\/wp\/v2\/media?parent=24712"}],"wp:term":[{"taxonomy":"category","embeddable":true,"href":"https:\/\/jm-metropole.com.br\/site\/wp-json\/wp\/v2\/categories?post=24712"},{"taxonomy":"post_tag","embeddable":true,"href":"https:\/\/jm-metropole.com.br\/site\/wp-json\/wp\/v2\/tags?post=24712"}],"curies":[{"name":"wp","href":"https:\/\/api.w.org\/{rel}","templated":true}]}}