{"id":24709,"date":"2025-05-06T16:20:43","date_gmt":"2025-05-06T19:20:43","guid":{"rendered":"https:\/\/jm-metropole.com.br\/site\/?p=24709"},"modified":"2025-05-06T16:20:43","modified_gmt":"2025-05-06T19:20:43","slug":"ceu-vila-sao-rafael-promove-manha-especial-em-homenagem-ao-dia-das-maes","status":"publish","type":"post","link":"https:\/\/jm-metropole.com.br\/site\/ceu-vila-sao-rafael-promove-manha-especial-em-homenagem-ao-dia-das-maes\/","title":{"rendered":"CEU Vila S\u00e3o Rafael promove manh\u00e3 especial em homenagem ao Dia das M\u00e3es"},"content":{"rendered":"<p>Em comemora\u00e7\u00e3o ao Dia das M\u00e3es, o CEU Vila S\u00e3o Rafael promove no pr\u00f3ximo s\u00e1bado (10), das 8h \u00e0s 10h30, uma manh\u00e3 especial dedicada \u00e0s m\u00e3es que frequentam o espa\u00e7o. A programa\u00e7\u00e3o contar\u00e1 com aulas de alongamento e dan\u00e7a, oficinas de tran\u00e7as e bal\u00f5es decorativos, artesanato e um delicioso caf\u00e9 da manh\u00e3.<\/p>\n<p>Com a tem\u00e1tica Cuidando de Quem Cuida, o evento celebra as m\u00e3es alunas dos diversos cursos oferecidos pelo CEU, reconhecendo sua dedica\u00e7\u00e3o e papel fundamental na vida de seus filhos. A iniciativa promove ainda o bem-estar, valoriza a qualidade de vida e fortalece a integra\u00e7\u00e3o entre a comunidade.<\/p>\n<p>O CEU Vila S\u00e3o Rafael est\u00e1 localizado na rua Deus do Sol, s\/n\u00ba, no bairro Vila S\u00e3o Rafael.<\/p>\n","protected":false},"excerpt":{"rendered":"<p>Em comemora\u00e7\u00e3o ao Dia das M\u00e3es, o CEU Vila S\u00e3o Rafael promove no pr\u00f3ximo s\u00e1bado (10), das 8h \u00e0s 10h30, uma manh\u00e3 especial dedicada \u00e0s m\u00e3es que frequentam o espa\u00e7o. A programa\u00e7\u00e3o contar\u00e1 com aulas de alongamento e dan\u00e7a, oficinas de tran\u00e7as e bal\u00f5es decorativos, artesanato e um delicioso caf\u00e9 da manh\u00e3. Com a tem\u00e1tica [&hellip;]<\/p>\n","protected":false},"author":1,"featured_media":24710,"comment_status":"open","ping_status":"open","sticky":false,"template":"","format":"standard","meta":{"footnotes":""},"categories":[3],"tags":[],"class_list":{"0":"post-24709","1":"post","2":"type-post","3":"status-publish","4":"format-standard","5":"has-post-thumbnail","7":"category-guarulhos"},"_links":{"self":[{"href":"https:\/\/jm-metropole.com.br\/site\/wp-json\/wp\/v2\/posts\/24709","targetHints":{"allow":["GET"]}}],"collection":[{"href":"https:\/\/jm-metropole.com.br\/site\/wp-json\/wp\/v2\/posts"}],"about":[{"href":"https:\/\/jm-metropole.com.br\/site\/wp-json\/wp\/v2\/types\/post"}],"author":[{"embeddable":true,"href":"https:\/\/jm-metropole.com.br\/site\/wp-json\/wp\/v2\/users\/1"}],"replies":[{"embeddable":true,"href":"https:\/\/jm-metropole.com.br\/site\/wp-json\/wp\/v2\/comments?post=24709"}],"version-history":[{"count":1,"href":"https:\/\/jm-metropole.com.br\/site\/wp-json\/wp\/v2\/posts\/24709\/revisions"}],"predecessor-version":[{"id":24711,"href":"https:\/\/jm-metropole.com.br\/site\/wp-json\/wp\/v2\/posts\/24709\/revisions\/24711"}],"wp:featuredmedia":[{"embeddable":true,"href":"https:\/\/jm-metropole.com.br\/site\/wp-json\/wp\/v2\/media\/24710"}],"wp:attachment":[{"href":"https:\/\/jm-metropole.com.br\/site\/wp-json\/wp\/v2\/media?parent=24709"}],"wp:term":[{"taxonomy":"category","embeddable":true,"href":"https:\/\/jm-metropole.com.br\/site\/wp-json\/wp\/v2\/categories?post=24709"},{"taxonomy":"post_tag","embeddable":true,"href":"https:\/\/jm-metropole.com.br\/site\/wp-json\/wp\/v2\/tags?post=24709"}],"curies":[{"name":"wp","href":"https:\/\/api.w.org\/{rel}","templated":true}]}}