{"id":24706,"date":"2025-05-06T16:19:55","date_gmt":"2025-05-06T19:19:55","guid":{"rendered":"https:\/\/jm-metropole.com.br\/site\/?p=24706"},"modified":"2025-05-06T16:19:55","modified_gmt":"2025-05-06T19:19:55","slug":"4a-conferencia-regional-de-politicas-de-igualdade-racial-abre-inscricoes-para-atualizacao","status":"publish","type":"post","link":"https:\/\/jm-metropole.com.br\/site\/4a-conferencia-regional-de-politicas-de-igualdade-racial-abre-inscricoes-para-atualizacao\/","title":{"rendered":"4\u00aa Confer\u00eancia Regional de Pol\u00edticas de Igualdade Racial abre inscri\u00e7\u00f5es para atualiza\u00e7\u00e3o"},"content":{"rendered":"<p>Guarulhos sediar\u00e1 a atualiza\u00e7\u00e3o da 4\u00aa Confer\u00eancia Regional de Promo\u00e7\u00e3o da Igualdade Racial, que ter\u00e1 como tema central \u201cIgualdade e Democracia: Repara\u00e7\u00e3o e Justi\u00e7a Racial\u201d e acontecer\u00e1 nos pr\u00f3ximos dias 30 e 31 de maio no Adamastor (avenida Monteiro Lobato, 734, Macedo), das 8h \u00e0s 18h. Ela \u00e9 aberta aos mun\u00edcipes das cidades de Guarulhos, Aruj\u00e1, Itaquaquecetuba e Santa Isabel, que tamb\u00e9m ir\u00e3o compor a confer\u00eancia. Interessados em participar devem se inscrever pelo link https:\/\/bit.ly\/CRPIR_GRU .<\/p>\n<p>O objetivo \u00e9 promover o debate sobre o enfrentamento do racismo em suas mais variadas express\u00f5es e construir propostas que visam a supera\u00e7\u00e3o das desigualdades raciais, a garantia de direitos da popula\u00e7\u00e3o negra, ind\u00edgena e de outros povos discriminados, al\u00e9m de estrat\u00e9gias na consolida\u00e7\u00e3o de repara\u00e7\u00e3o e justi\u00e7a racial. A programa\u00e7\u00e3o do evento ser\u00e1 divulgada em breve e incluir\u00e1 palestras, discuss\u00f5es em salas tem\u00e1ticas e atividade cultural.<\/p>\n<p>A t\u00edtulo de informa\u00e7\u00e3o, a 4\u00aa Confer\u00eancia Regional de Promo\u00e7\u00e3o da Igualdade Racial &#8211; Guarulhos e Regi\u00e3o ocorreu em fevereiro de 2022 e na ocasi\u00e3o foram aprovadas 21 propostas. Entretanto, em atendimento ao Decreto Federal n\u00ba 12.192\/24, da Presid\u00eancia da Rep\u00fablica, ser\u00e3o realizadas novas etapas de atualiza\u00e7\u00e3o das Confer\u00eancias Estaduais e a realiza\u00e7\u00e3o da 5\u00aa Confer\u00eancia Nacional de Pol\u00edticas de Igualdade Racial, que ocorrer\u00e1 em setembro em Bras\u00edlia\/DF.<\/p>\n<p>O evento \u00e9 coordenado pela Subsecretaria da Igualdade Racial de Guarulhos, integrante da Secretaria de Direitos Humanos, e pelos Conselhos Municipais de Promo\u00e7\u00e3o da Igualdade Racial dos munic\u00edpios do Alto Tiet\u00ea.<\/p>\n","protected":false},"excerpt":{"rendered":"<p>Guarulhos sediar\u00e1 a atualiza\u00e7\u00e3o da 4\u00aa Confer\u00eancia Regional de Promo\u00e7\u00e3o da Igualdade Racial, que ter\u00e1 como tema central \u201cIgualdade e Democracia: Repara\u00e7\u00e3o e Justi\u00e7a Racial\u201d e acontecer\u00e1 nos pr\u00f3ximos dias 30 e 31 de maio no Adamastor (avenida Monteiro Lobato, 734, Macedo), das 8h \u00e0s 18h. Ela \u00e9 aberta aos mun\u00edcipes das cidades de Guarulhos, [&hellip;]<\/p>\n","protected":false},"author":1,"featured_media":24707,"comment_status":"open","ping_status":"open","sticky":false,"template":"","format":"standard","meta":{"footnotes":""},"categories":[3],"tags":[],"class_list":{"0":"post-24706","1":"post","2":"type-post","3":"status-publish","4":"format-standard","5":"has-post-thumbnail","7":"category-guarulhos"},"_links":{"self":[{"href":"https:\/\/jm-metropole.com.br\/site\/wp-json\/wp\/v2\/posts\/24706","targetHints":{"allow":["GET"]}}],"collection":[{"href":"https:\/\/jm-metropole.com.br\/site\/wp-json\/wp\/v2\/posts"}],"about":[{"href":"https:\/\/jm-metropole.com.br\/site\/wp-json\/wp\/v2\/types\/post"}],"author":[{"embeddable":true,"href":"https:\/\/jm-metropole.com.br\/site\/wp-json\/wp\/v2\/users\/1"}],"replies":[{"embeddable":true,"href":"https:\/\/jm-metropole.com.br\/site\/wp-json\/wp\/v2\/comments?post=24706"}],"version-history":[{"count":1,"href":"https:\/\/jm-metropole.com.br\/site\/wp-json\/wp\/v2\/posts\/24706\/revisions"}],"predecessor-version":[{"id":24708,"href":"https:\/\/jm-metropole.com.br\/site\/wp-json\/wp\/v2\/posts\/24706\/revisions\/24708"}],"wp:featuredmedia":[{"embeddable":true,"href":"https:\/\/jm-metropole.com.br\/site\/wp-json\/wp\/v2\/media\/24707"}],"wp:attachment":[{"href":"https:\/\/jm-metropole.com.br\/site\/wp-json\/wp\/v2\/media?parent=24706"}],"wp:term":[{"taxonomy":"category","embeddable":true,"href":"https:\/\/jm-metropole.com.br\/site\/wp-json\/wp\/v2\/categories?post=24706"},{"taxonomy":"post_tag","embeddable":true,"href":"https:\/\/jm-metropole.com.br\/site\/wp-json\/wp\/v2\/tags?post=24706"}],"curies":[{"name":"wp","href":"https:\/\/api.w.org\/{rel}","templated":true}]}}