{"id":24691,"date":"2025-05-06T09:53:39","date_gmt":"2025-05-06T12:53:39","guid":{"rendered":"https:\/\/jm-metropole.com.br\/site\/?p=24691"},"modified":"2025-05-06T09:53:39","modified_gmt":"2025-05-06T12:53:39","slug":"procon-de-itaqua-realiza-fiscalizacao-especial-para-o-dia-das-maes","status":"publish","type":"post","link":"https:\/\/jm-metropole.com.br\/site\/procon-de-itaqua-realiza-fiscalizacao-especial-para-o-dia-das-maes\/","title":{"rendered":"Procon de Itaqu\u00e1 realiza fiscaliza\u00e7\u00e3o especial para o Dia das M\u00e3es"},"content":{"rendered":"<p>Objetivo \u00e9 garantir que estabelecimentos estejam em conformidade com o C\u00f3digo de Defesa do Consumidor<\/p>\n<p>Em prepara\u00e7\u00e3o para o Dia das M\u00e3es, comemorado neste domingo (11), o Procon de Itaquaquecetuba iniciou uma opera\u00e7\u00e3o especial de fiscaliza\u00e7\u00e3o nos com\u00e9rcios da cidade. A a\u00e7\u00e3o, que ocorre ao longo desta semana, busca garantir que os estabelecimentos estejam em conformidade com o C\u00f3digo de Defesa do Consumidor.<\/p>\n<p>Equipes do \u00f3rg\u00e3o est\u00e3o visitando lojas de diferentes segmentos, como vestu\u00e1rio, eletrodom\u00e9sticos, perfumarias e floriculturas, para verificar o cumprimento de regras como a precifica\u00e7\u00e3o adequada dos produtos, informa\u00e7\u00f5es claras nas etiquetas, pol\u00edtica de troca vis\u00edvel ao cliente e ofertas compat\u00edveis com o anunciado.<\/p>\n<p>\u201cNosso papel \u00e9 assegurar que o consumidor seja respeitado e que os lojistas estejam cientes de suas obriga\u00e7\u00f5es legais. O Dia das M\u00e3es \u00e9 uma das datas que mais movimenta o com\u00e9rcio em Itaqu\u00e1 e por isso \u00e9 fundamental garantir rela\u00e7\u00f5es de consumo justas e transparentes\u201d, explicou Julia Guidini, diretora do \u00f3rg\u00e3o municipal.<\/p>\n<p>Al\u00e9m das fiscaliza\u00e7\u00f5es, o Procon tamb\u00e9m est\u00e1 distribuindo material informativo com dicas para evitar golpes, compras por impulso e problemas com produtos sem garantia.<\/p>\n<p>\u201c\u00c9 importante que o consumidor sempre exija nota fiscal e guarde comprovantes de pagamento. O Procon \u00e9 aliado dos trabalhadores e dos consumidores, ent\u00e3o contem com ele\u201d, disse o prefeito Eduardo Boigues.<\/p>\n<p>O Procon atende de segunda a sexta, das 8h \u00e0s 16h, na rua Dom Thomaz Frey, 89 \u2013 Centro, pelo site itaquaquecetuba.sp.gov.br\/procon, telefone 11 4642-2005 e e-mail procon@itaquaquecetuba.sp.gov.br.<\/p>\n<p>Fotos: Dayane Oliveira<\/p>\n","protected":false},"excerpt":{"rendered":"<p>Objetivo \u00e9 garantir que estabelecimentos estejam em conformidade com o C\u00f3digo de Defesa do Consumidor Em prepara\u00e7\u00e3o para o Dia das M\u00e3es, comemorado neste domingo (11), o Procon de Itaquaquecetuba iniciou uma opera\u00e7\u00e3o especial de fiscaliza\u00e7\u00e3o nos com\u00e9rcios da cidade. A a\u00e7\u00e3o, que ocorre ao longo desta semana, busca garantir que os estabelecimentos estejam em [&hellip;]<\/p>\n","protected":false},"author":1,"featured_media":24692,"comment_status":"open","ping_status":"open","sticky":false,"template":"","format":"standard","meta":{"footnotes":""},"categories":[6],"tags":[],"class_list":{"0":"post-24691","1":"post","2":"type-post","3":"status-publish","4":"format-standard","5":"has-post-thumbnail","7":"category-itaqua"},"_links":{"self":[{"href":"https:\/\/jm-metropole.com.br\/site\/wp-json\/wp\/v2\/posts\/24691","targetHints":{"allow":["GET"]}}],"collection":[{"href":"https:\/\/jm-metropole.com.br\/site\/wp-json\/wp\/v2\/posts"}],"about":[{"href":"https:\/\/jm-metropole.com.br\/site\/wp-json\/wp\/v2\/types\/post"}],"author":[{"embeddable":true,"href":"https:\/\/jm-metropole.com.br\/site\/wp-json\/wp\/v2\/users\/1"}],"replies":[{"embeddable":true,"href":"https:\/\/jm-metropole.com.br\/site\/wp-json\/wp\/v2\/comments?post=24691"}],"version-history":[{"count":1,"href":"https:\/\/jm-metropole.com.br\/site\/wp-json\/wp\/v2\/posts\/24691\/revisions"}],"predecessor-version":[{"id":24693,"href":"https:\/\/jm-metropole.com.br\/site\/wp-json\/wp\/v2\/posts\/24691\/revisions\/24693"}],"wp:featuredmedia":[{"embeddable":true,"href":"https:\/\/jm-metropole.com.br\/site\/wp-json\/wp\/v2\/media\/24692"}],"wp:attachment":[{"href":"https:\/\/jm-metropole.com.br\/site\/wp-json\/wp\/v2\/media?parent=24691"}],"wp:term":[{"taxonomy":"category","embeddable":true,"href":"https:\/\/jm-metropole.com.br\/site\/wp-json\/wp\/v2\/categories?post=24691"},{"taxonomy":"post_tag","embeddable":true,"href":"https:\/\/jm-metropole.com.br\/site\/wp-json\/wp\/v2\/tags?post=24691"}],"curies":[{"name":"wp","href":"https:\/\/api.w.org\/{rel}","templated":true}]}}