{"id":24688,"date":"2025-05-06T09:34:32","date_gmt":"2025-05-06T12:34:32","guid":{"rendered":"https:\/\/jm-metropole.com.br\/site\/?p=24688"},"modified":"2025-05-06T09:34:32","modified_gmt":"2025-05-06T12:34:32","slug":"carretas-do-programa-estadual-via-rapida-estao-paradas-em-patio-sem-ser-utilizadas","status":"publish","type":"post","link":"https:\/\/jm-metropole.com.br\/site\/carretas-do-programa-estadual-via-rapida-estao-paradas-em-patio-sem-ser-utilizadas\/","title":{"rendered":"Carretas do programa estadual Via R\u00e1pida est\u00e3o paradas em p\u00e1tio sem ser utilizadas"},"content":{"rendered":"<p>Den\u00fancias recebidas pela reportagem do JM metr\u00f3pole apontam que as carretas utilizadas no programa est\u00e3o paradas e supostamente abandonadas h\u00e1 bastante tempo em um p\u00e1tio da Fatec de Franco da Rocha.<\/p>\n<p>Lan\u00e7ado em julho de 2013 pelo ent\u00e3o governador Geraldo Alckmin, o programa Via R\u00e1pida, Hoje chamado Qualifica SP, coordenado pela secretaria do desenvolvimento econ\u00f4mico, utilizou carretas como equipamento de forma\u00e7\u00e3o, capacita\u00e7\u00e3o e desenvolvimento profissional itinerante, de forma gratuita para pessoas que buscam ingressar no mercado de trabalho ou montar seu pr\u00f3prio neg\u00f3cio.<\/p>\n<p>As unidades do Via R\u00e1pida, contam com laborat\u00f3rios, salas de aulas e oficinas equipadas com m\u00e1quinas e ferramentas did\u00e1ticas para a forma\u00e7\u00e3o, capacita\u00e7\u00e3o e desenvolvimento profissional dos participantes do programa.<\/p>\n<p>Segundo o ent\u00e3o governador Alckmin, a principal caracter\u00edstica desse formato \u00e9 a flexibilidade para atender as necessidades das ind\u00fastrias, j\u00e1 que um -programa itinerante podendo atender um grande numero de pessoas em todo o estado de S\u00e3o Paulo.<\/p>\n<p>A Secretaria de Desenvolvimento do Governo de S\u00e3o Paulo respondeu ao questionamento do JM Metr\u00f3pole.<br \/>\n\u201c As carretas do programa Via R\u00e1pida, atualmente Qualifica SP, localizadas no p\u00e1tio de Franco da Rocha, passam por reforma e moderniza\u00e7\u00e3o das estruturas. Assim que o processo for finalizado, elas ser\u00e3o disponibilizadas para ofertar os cursos \u00e0 popula\u00e7\u00e3o\u201d.<\/p>\n<p>A secretaria explicou ainda a nossa reportagem, que em 2023, foram oferecidas mais de 2.500 vagas em cursos profissionalizantes gratuitos nas unidades m\u00f3veis e, em 2024, quase 2000, atendendo a diferentes munic\u00edpios paulistas. E que o Governo de S\u00e3o Paulo investe nas parcerias em coopera\u00e7\u00f5es interinstitucionais com outras pastas e munic\u00edpios para ampliar o alcance da popula\u00e7\u00e3o aos cursos oferecidos, em especial as pessoas em situa\u00e7\u00e3o de vulnerabilidade social.<\/p>\n<p>A secretaria n\u00e3o informou ao JM Metr\u00f3pole sobre algum prazo para o t\u00e9rmino da reforma das carretas e rein\u00edcio do programa.<\/p>\n","protected":false},"excerpt":{"rendered":"<p>Den\u00fancias recebidas pela reportagem do JM metr\u00f3pole apontam que as carretas utilizadas no programa est\u00e3o paradas e supostamente abandonadas h\u00e1 bastante tempo em um p\u00e1tio da Fatec de Franco da Rocha. Lan\u00e7ado em julho de 2013 pelo ent\u00e3o governador Geraldo Alckmin, o programa Via R\u00e1pida, Hoje chamado Qualifica SP, coordenado pela secretaria do desenvolvimento econ\u00f4mico, [&hellip;]<\/p>\n","protected":false},"author":1,"featured_media":24689,"comment_status":"open","ping_status":"open","sticky":false,"template":"","format":"standard","meta":{"footnotes":""},"categories":[48],"tags":[],"class_list":{"0":"post-24688","1":"post","2":"type-post","3":"status-publish","4":"format-standard","5":"has-post-thumbnail","7":"category-geral"},"_links":{"self":[{"href":"https:\/\/jm-metropole.com.br\/site\/wp-json\/wp\/v2\/posts\/24688","targetHints":{"allow":["GET"]}}],"collection":[{"href":"https:\/\/jm-metropole.com.br\/site\/wp-json\/wp\/v2\/posts"}],"about":[{"href":"https:\/\/jm-metropole.com.br\/site\/wp-json\/wp\/v2\/types\/post"}],"author":[{"embeddable":true,"href":"https:\/\/jm-metropole.com.br\/site\/wp-json\/wp\/v2\/users\/1"}],"replies":[{"embeddable":true,"href":"https:\/\/jm-metropole.com.br\/site\/wp-json\/wp\/v2\/comments?post=24688"}],"version-history":[{"count":1,"href":"https:\/\/jm-metropole.com.br\/site\/wp-json\/wp\/v2\/posts\/24688\/revisions"}],"predecessor-version":[{"id":24690,"href":"https:\/\/jm-metropole.com.br\/site\/wp-json\/wp\/v2\/posts\/24688\/revisions\/24690"}],"wp:featuredmedia":[{"embeddable":true,"href":"https:\/\/jm-metropole.com.br\/site\/wp-json\/wp\/v2\/media\/24689"}],"wp:attachment":[{"href":"https:\/\/jm-metropole.com.br\/site\/wp-json\/wp\/v2\/media?parent=24688"}],"wp:term":[{"taxonomy":"category","embeddable":true,"href":"https:\/\/jm-metropole.com.br\/site\/wp-json\/wp\/v2\/categories?post=24688"},{"taxonomy":"post_tag","embeddable":true,"href":"https:\/\/jm-metropole.com.br\/site\/wp-json\/wp\/v2\/tags?post=24688"}],"curies":[{"name":"wp","href":"https:\/\/api.w.org\/{rel}","templated":true}]}}