{"id":24669,"date":"2025-05-05T13:25:08","date_gmt":"2025-05-05T16:25:08","guid":{"rendered":"https:\/\/jm-metropole.com.br\/site\/?p=24669"},"modified":"2025-05-05T13:25:08","modified_gmt":"2025-05-05T16:25:08","slug":"aruja-realiza-mes-da-conscientizacao-do-autismo-com-encontros-palestras-e-oficinas-sensoriais","status":"publish","type":"post","link":"https:\/\/jm-metropole.com.br\/site\/aruja-realiza-mes-da-conscientizacao-do-autismo-com-encontros-palestras-e-oficinas-sensoriais\/","title":{"rendered":"ARUJ\u00c1 REALIZA M\u00caS DA CONSCIENTIZA\u00c7\u00c3O DO AUTISMO COM ENCONTROS, PALESTRAS E OFICINAS SENSORIAIS"},"content":{"rendered":"<p>A Diretoria da Pessoa com Defici\u00eancia, por meio da Prefeitura de Aruj\u00e1, em parceria com diversas institui\u00e7\u00f5es e profissionais da cidade promoveu, ao longo do m\u00eas de abril, uma s\u00e9rie de a\u00e7\u00f5es em alus\u00e3o ao M\u00eas da Conscientiza\u00e7\u00e3o do Autismo. Com o compromisso de ampliar o entendimento da sociedade sobre o Transtorno do Espectro Autista (TEA), a programa\u00e7\u00e3o foi estruturada em tr\u00eas principais eixos: Escuta, Forma\u00e7\u00e3o e Participa\u00e7\u00e3o.<\/p>\n<p>O primeiro eixo teve como destaque a roda de conversa entre familiares e autistas, realizada no Centro de Refer\u00eancia de Assist\u00eancia Social (CRAS) do Centro, no dia 23. O encontro foi marcado por escuta sens\u00edvel, partilha de experi\u00eancias e fortalecimento de v\u00ednculos. A troca direta proporcionou uma importante reflex\u00e3o sobre as diferentes viv\u00eancias, dentro do espectro, e sobre as m\u00faltiplas possibilidades de desenvolvimento e autonomia.<\/p>\n<p>No segundo eixo, a forma\u00e7\u00e3o t\u00e9cnica ganhou espa\u00e7o com a palestra da psiquiatra La\u00eds Vieira, da psic\u00f3loga Alana Mileide e da fonoaudi\u00f3loga Let\u00edcia Franchini (Funamse). O evento, realizado no Anfiteatro Municipal, no dia 24, abordou temas fundamentais sobre diagn\u00f3stico, acolhimento e interven\u00e7\u00f5es baseadas em evid\u00eancia, com foco na desmistifica\u00e7\u00e3o e na quebra de tabus sobre o TEA. A palestra foi aberta ao p\u00fablico e contou com a presen\u00e7a de educadores, profissionais da sa\u00fade e familiares.<\/p>\n<p>J\u00e1 o terceiro eixo foi voltado diretamente \u00e0 participa\u00e7\u00e3o ativa das pessoas autistas. Duas oficinas sensoriais foram realizadas nos dias 28 e 29 &#8211; a Oficina de Culin\u00e1ria Afetiva, com preparo coletivo de salada de frutas e biscoitos, realizada em parceria com o Fundo Social de Solidariedade, que abriu as portas para que a oficina pudesse acontecer e a Oficina de Horta Sensorial, realizada no Parque dos Ip\u00eas, com apoio da Secretaria Municipal do Meio Ambiente, onde os participantes puderam plantar, tocar, cheirar e montar suas pr\u00f3prias hortinhas, em parceria com a Fast Flores Floricultura Atacadistas.<br \/>\nEssas atividades foram pensadas para estimular os sentidos e promover bem-estar, respeitando o tempo e as prefer\u00eancias de cada participante. Ambas foram lan\u00e7adas como projetos-piloto, com a inten\u00e7\u00e3o de se tornarem a\u00e7\u00f5es permanentes, inclusive sendo reafirmadas pela primeira-dama Clau Camargo.<\/p>\n<p>A Diretoria da Pessoa com Defici\u00eancia agradece a todos os parceiros envolvidos, aos profissionais que voluntariamente contribu\u00edram e \u00e0s fam\u00edlias que participaram. O sucesso das a\u00e7\u00f5es reafirma o compromisso da cidade de Aruj\u00e1 com uma sociedade mais diversa, acess\u00edvel e anticapacitista.<\/p>\n","protected":false},"excerpt":{"rendered":"<p>A Diretoria da Pessoa com Defici\u00eancia, por meio da Prefeitura de Aruj\u00e1, em parceria com diversas institui\u00e7\u00f5es e profissionais da cidade promoveu, ao longo do m\u00eas de abril, uma s\u00e9rie de a\u00e7\u00f5es em alus\u00e3o ao M\u00eas da Conscientiza\u00e7\u00e3o do Autismo. Com o compromisso de ampliar o entendimento da sociedade sobre o Transtorno do Espectro Autista [&hellip;]<\/p>\n","protected":false},"author":1,"featured_media":24670,"comment_status":"open","ping_status":"open","sticky":false,"template":"","format":"standard","meta":{"footnotes":""},"categories":[4],"tags":[],"class_list":{"0":"post-24669","1":"post","2":"type-post","3":"status-publish","4":"format-standard","5":"has-post-thumbnail","7":"category-aruja"},"_links":{"self":[{"href":"https:\/\/jm-metropole.com.br\/site\/wp-json\/wp\/v2\/posts\/24669","targetHints":{"allow":["GET"]}}],"collection":[{"href":"https:\/\/jm-metropole.com.br\/site\/wp-json\/wp\/v2\/posts"}],"about":[{"href":"https:\/\/jm-metropole.com.br\/site\/wp-json\/wp\/v2\/types\/post"}],"author":[{"embeddable":true,"href":"https:\/\/jm-metropole.com.br\/site\/wp-json\/wp\/v2\/users\/1"}],"replies":[{"embeddable":true,"href":"https:\/\/jm-metropole.com.br\/site\/wp-json\/wp\/v2\/comments?post=24669"}],"version-history":[{"count":1,"href":"https:\/\/jm-metropole.com.br\/site\/wp-json\/wp\/v2\/posts\/24669\/revisions"}],"predecessor-version":[{"id":24671,"href":"https:\/\/jm-metropole.com.br\/site\/wp-json\/wp\/v2\/posts\/24669\/revisions\/24671"}],"wp:featuredmedia":[{"embeddable":true,"href":"https:\/\/jm-metropole.com.br\/site\/wp-json\/wp\/v2\/media\/24670"}],"wp:attachment":[{"href":"https:\/\/jm-metropole.com.br\/site\/wp-json\/wp\/v2\/media?parent=24669"}],"wp:term":[{"taxonomy":"category","embeddable":true,"href":"https:\/\/jm-metropole.com.br\/site\/wp-json\/wp\/v2\/categories?post=24669"},{"taxonomy":"post_tag","embeddable":true,"href":"https:\/\/jm-metropole.com.br\/site\/wp-json\/wp\/v2\/tags?post=24669"}],"curies":[{"name":"wp","href":"https:\/\/api.w.org\/{rel}","templated":true}]}}