{"id":24666,"date":"2025-05-05T13:18:03","date_gmt":"2025-05-05T16:18:03","guid":{"rendered":"https:\/\/jm-metropole.com.br\/site\/?p=24666"},"modified":"2025-05-05T13:18:03","modified_gmt":"2025-05-05T16:18:03","slug":"camara-municipal-de-aruja-acolhe-veto-do-prefeito-luis-camargo-e-suspendeu-a-lei-sobre-o-aumento","status":"publish","type":"post","link":"https:\/\/jm-metropole.com.br\/site\/camara-municipal-de-aruja-acolhe-veto-do-prefeito-luis-camargo-e-suspendeu-a-lei-sobre-o-aumento\/","title":{"rendered":"C\u00e2mara municipal de Aruj\u00e1, acolhe veto do prefeito Luis Camargo e suspendeu a lei sobre o aumento"},"content":{"rendered":"<p>A C\u00e2mara Municipal de Aruj\u00e1 vem a p\u00fablico prestar esclarecimentos sobre o Projeto de Reestrutura\u00e7\u00e3o Administrativa recentemente aprovado.<\/p>\n<p>O objetivo central do projeto \u00e9 modernizar a estrutura organizacional da Casa Legislativa, promovendo maior efici\u00eancia na gest\u00e3o interna.<\/p>\n<p>Entre as medidas adotadas, destaca-se a cria\u00e7\u00e3o de 11 novos cargos, que ser\u00e3o preenchidos por meio de concurso p\u00fablico, al\u00e9m da abertura de 32 vagas para estagi\u00e1rios, refor\u00e7ando o compromisso com a valoriza\u00e7\u00e3o da meritocracia e com oportunidades para jovens em forma\u00e7\u00e3o.<\/p>\n<p>Reiteramos que nenhum vereador, assessor parlamentar ou<br \/>\nagente pol\u00edtico foi contemplado com aumento salarial neste projeto. Apenas cinco cargos t\u00e9cnicos da \u00e1rea administrativa tiveram ajustes, todos devidamente amparados por pareceres jur\u00eddicos e t\u00e9cnicos que asseguram a legalidade das medidas adotadas.<\/p>\n<p>Em respeito \u00e0 justificativa apresentada pelo Poder Executivo<br \/>\nquanto \u00e0 impossibilidade de equipara\u00e7\u00e3o entre os cargos t\u00e9cnicos da C\u00e2mara e os secret\u00e1rios municipais, acolheremos o veto parcial do Sr. Prefeito, demonstrando nosso comprometimento com o di\u00e1logo institucional e com os princ\u00edpios da razoabilidade e economicidade.<\/p>\n<p>Lamentamos a circula\u00e7\u00e3o de informa\u00e7\u00f5es distorcidas e mal-<br \/>\nintencionadas que tentam confundir a popula\u00e7\u00e3o e enfraquecer o trabalho s\u00e9rio que vem sendo desenvolvido. A C\u00e2mara Municipal refor\u00e7a seu compromisso com a transpar\u00eancia e com a responsabilidade p\u00fablica.<\/p>\n<p>Seguiremos firmes em nosso prop\u00f3sito de aperfei\u00e7oar os<br \/>\nservi\u00e7os legislativos e contribuir para uma gest\u00e3o p\u00fablica mais eficiente e transparente, hoje e sempre.<\/p>\n","protected":false},"excerpt":{"rendered":"<p>A C\u00e2mara Municipal de Aruj\u00e1 vem a p\u00fablico prestar esclarecimentos sobre o Projeto de Reestrutura\u00e7\u00e3o Administrativa recentemente aprovado. O objetivo central do projeto \u00e9 modernizar a estrutura organizacional da Casa Legislativa, promovendo maior efici\u00eancia na gest\u00e3o interna. Entre as medidas adotadas, destaca-se a cria\u00e7\u00e3o de 11 novos cargos, que ser\u00e3o preenchidos por meio de concurso [&hellip;]<\/p>\n","protected":false},"author":1,"featured_media":24667,"comment_status":"open","ping_status":"open","sticky":false,"template":"","format":"standard","meta":{"footnotes":""},"categories":[1],"tags":[],"class_list":{"0":"post-24666","1":"post","2":"type-post","3":"status-publish","4":"format-standard","5":"has-post-thumbnail","7":"category-tudo"},"_links":{"self":[{"href":"https:\/\/jm-metropole.com.br\/site\/wp-json\/wp\/v2\/posts\/24666","targetHints":{"allow":["GET"]}}],"collection":[{"href":"https:\/\/jm-metropole.com.br\/site\/wp-json\/wp\/v2\/posts"}],"about":[{"href":"https:\/\/jm-metropole.com.br\/site\/wp-json\/wp\/v2\/types\/post"}],"author":[{"embeddable":true,"href":"https:\/\/jm-metropole.com.br\/site\/wp-json\/wp\/v2\/users\/1"}],"replies":[{"embeddable":true,"href":"https:\/\/jm-metropole.com.br\/site\/wp-json\/wp\/v2\/comments?post=24666"}],"version-history":[{"count":1,"href":"https:\/\/jm-metropole.com.br\/site\/wp-json\/wp\/v2\/posts\/24666\/revisions"}],"predecessor-version":[{"id":24668,"href":"https:\/\/jm-metropole.com.br\/site\/wp-json\/wp\/v2\/posts\/24666\/revisions\/24668"}],"wp:featuredmedia":[{"embeddable":true,"href":"https:\/\/jm-metropole.com.br\/site\/wp-json\/wp\/v2\/media\/24667"}],"wp:attachment":[{"href":"https:\/\/jm-metropole.com.br\/site\/wp-json\/wp\/v2\/media?parent=24666"}],"wp:term":[{"taxonomy":"category","embeddable":true,"href":"https:\/\/jm-metropole.com.br\/site\/wp-json\/wp\/v2\/categories?post=24666"},{"taxonomy":"post_tag","embeddable":true,"href":"https:\/\/jm-metropole.com.br\/site\/wp-json\/wp\/v2\/tags?post=24666"}],"curies":[{"name":"wp","href":"https:\/\/api.w.org\/{rel}","templated":true}]}}