{"id":24401,"date":"2025-04-23T07:03:28","date_gmt":"2025-04-23T10:03:28","guid":{"rendered":"https:\/\/jm-metropole.com.br\/site\/?p=24401"},"modified":"2025-04-23T07:03:28","modified_gmt":"2025-04-23T10:03:28","slug":"assembleia-da-emtu-define-proximos-passos-para-modernizar-gestao-do-transporte-metropolitano-via-onibus-em-sp","status":"publish","type":"post","link":"https:\/\/jm-metropole.com.br\/site\/assembleia-da-emtu-define-proximos-passos-para-modernizar-gestao-do-transporte-metropolitano-via-onibus-em-sp\/","title":{"rendered":"Assembleia da EMTU define pr\u00f3ximos passos para modernizar gest\u00e3o do transporte metropolitano via \u00f4nibus em SP"},"content":{"rendered":"<p>Encontro marcar\u00e1 a formaliza\u00e7\u00e3o da transi\u00e7\u00e3o de fun\u00e7\u00f5es da empresa para outras \u00e1reas Governo, definir\u00e1 o liquidante e o conselho respons\u00e1vel pelo processo de liquida\u00e7\u00e3o<\/p>\n<p>O Governo de S\u00e3o Paulo realizar\u00e1 na quarta-feira (23), \u00e0s 16h, uma Assembleia Geral Extraordin\u00e1ria para tratar das\u00a0<a role=\"link\" href=\"https:\/\/www.agenciasp.sp.gov.br\/artesp-assume-fiscalizacao-das-linhas-concedidas-e-da-emtu\/\">mudan\u00e7as na gest\u00e3o do transporte p\u00fablico metropolitano por \u00f4nibus do estado de S\u00e3o Paulo<\/a>. A reuni\u00e3o acontece na sede da Empresa Metropolitana de Transportes Urbanos de S\u00e3o Paulo (EMTU), na capital, e marca mais um passo importante no processo de reestrutura\u00e7\u00e3o do sistema de transporte metropolitano.<\/p>\n<p>Entre os assuntos em pauta, que ser\u00e3o discutidos pelos acionistas da EMTU, est\u00e3o\u00a0<a role=\"link\" href=\"https:\/\/www.agenciasp.sp.gov.br\/governo-de-sp-autoriza-liquidacao-da-emtu-e-artesp-vai-incorporar-servicos\/\">a formaliza\u00e7\u00e3o da transi\u00e7\u00e3o das atividades da empresa para a Ag\u00eancia de Transporte do Estado de S\u00e3o Paulo (Artesp)<\/a>\u00a0e outras \u00f3rg\u00e3os do Governo, dissolu\u00e7\u00e3o da EMTU e in\u00edcio da liquida\u00e7\u00e3o, al\u00e9m da nomea\u00e7\u00e3o do respons\u00e1vel por acompanhar esse processo e a elei\u00e7\u00e3o dos membros do Conselho Fiscal para essa nova fase.<\/p>\n<p><strong>LEIA TAMB\u00c9M:\u00a0<a role=\"link\" href=\"https:\/\/www.agenciasp.sp.gov.br\/entenda-as-mudancas-na-emtu-e-os-impactos-na-modernizacao-do-transporte-publico-em-sp\/\">Entenda as mudan\u00e7as na EMTU e os impactos na moderniza\u00e7\u00e3o do transporte p\u00fablico em SP<\/a><\/strong><\/p>\n<p>As atribui\u00e7\u00f5es de fiscaliza\u00e7\u00e3o, controle e regula\u00e7\u00e3o do transporte coletivo metropolitano j\u00e1 foram transferidas da EMTU para a Artesp, desde de 19 de mar\u00e7o de 2025, conforme Portaria SPI\/STM\/ARTESP 001, baseado na Lei Estadual n\u00ba 17.293\/2020 e do Decreto Estadual n\u00ba 69.375\/2025.<\/p>\n<p>As mudan\u00e7as visam acelerar a moderniza\u00e7\u00e3o do transporte coletivo metropolitano, preparando o sistema para atender melhor os mais de 1,8 milh\u00e3o de passageiros que utilizam diariamente os \u00f4nibus intermunicipais nas regi\u00f5es de S\u00e3o Paulo, Campinas, Baixada Santista, Sorocaba e Vale do Para\u00edba.<\/p>\n<h2 class=\"wp-block-heading\">Moderniza\u00e7\u00e3o e efici\u00eancia no transporte p\u00fablico<\/h2>\n<p>Com a Artesp centralizando a gest\u00e3o do transporte metropolitano e rodovi\u00e1rio, o governo paulista aposta em um modelo mais integrado e tecnol\u00f3gico, com avan\u00e7os como a digitaliza\u00e7\u00e3o de processos, mais efici\u00eancia na fiscaliza\u00e7\u00e3o e a melhoria da qualidade dos servi\u00e7os prestados.<\/p>\n<p>O servi\u00e7o de \u00f4nibus n\u00e3o ser\u00e1 afetado ou reduzido durante o processo de incorpora\u00e7\u00e3o. Tamb\u00e9m n\u00e3o haver\u00e1 mudan\u00e7as no sistema de c\u00e1lculo das tarifas nas regi\u00f5es metropolitanas, que continuam baseadas na extens\u00e3o dos itiner\u00e1rios das linhas.<\/p>\n<p>A iniciativa integra o programa \u201cS\u00e3o Paulo na Dire\u00e7\u00e3o Certa\u201d, que re\u00fane uma s\u00e9rie de a\u00e7\u00f5es para modernizar a gest\u00e3o p\u00fablica e tornar os servi\u00e7os mais eficientes.<\/p>\n<p>*Com informa\u00e7\u00f5es de Ag\u00eancia SP<\/p>\n","protected":false},"excerpt":{"rendered":"<p>Encontro marcar\u00e1 a formaliza\u00e7\u00e3o da transi\u00e7\u00e3o de fun\u00e7\u00f5es da empresa para outras \u00e1reas Governo, definir\u00e1 o liquidante e o conselho respons\u00e1vel pelo processo de liquida\u00e7\u00e3o O Governo de S\u00e3o Paulo realizar\u00e1 na quarta-feira (23), \u00e0s 16h, uma Assembleia Geral Extraordin\u00e1ria para tratar das\u00a0mudan\u00e7as na gest\u00e3o do transporte p\u00fablico metropolitano por \u00f4nibus do estado de S\u00e3o [&hellip;]<\/p>\n","protected":false},"author":1,"featured_media":24402,"comment_status":"open","ping_status":"open","sticky":false,"template":"","format":"standard","meta":{"footnotes":""},"categories":[48],"tags":[],"class_list":{"0":"post-24401","1":"post","2":"type-post","3":"status-publish","4":"format-standard","5":"has-post-thumbnail","7":"category-geral"},"_links":{"self":[{"href":"https:\/\/jm-metropole.com.br\/site\/wp-json\/wp\/v2\/posts\/24401","targetHints":{"allow":["GET"]}}],"collection":[{"href":"https:\/\/jm-metropole.com.br\/site\/wp-json\/wp\/v2\/posts"}],"about":[{"href":"https:\/\/jm-metropole.com.br\/site\/wp-json\/wp\/v2\/types\/post"}],"author":[{"embeddable":true,"href":"https:\/\/jm-metropole.com.br\/site\/wp-json\/wp\/v2\/users\/1"}],"replies":[{"embeddable":true,"href":"https:\/\/jm-metropole.com.br\/site\/wp-json\/wp\/v2\/comments?post=24401"}],"version-history":[{"count":1,"href":"https:\/\/jm-metropole.com.br\/site\/wp-json\/wp\/v2\/posts\/24401\/revisions"}],"predecessor-version":[{"id":24403,"href":"https:\/\/jm-metropole.com.br\/site\/wp-json\/wp\/v2\/posts\/24401\/revisions\/24403"}],"wp:featuredmedia":[{"embeddable":true,"href":"https:\/\/jm-metropole.com.br\/site\/wp-json\/wp\/v2\/media\/24402"}],"wp:attachment":[{"href":"https:\/\/jm-metropole.com.br\/site\/wp-json\/wp\/v2\/media?parent=24401"}],"wp:term":[{"taxonomy":"category","embeddable":true,"href":"https:\/\/jm-metropole.com.br\/site\/wp-json\/wp\/v2\/categories?post=24401"},{"taxonomy":"post_tag","embeddable":true,"href":"https:\/\/jm-metropole.com.br\/site\/wp-json\/wp\/v2\/tags?post=24401"}],"curies":[{"name":"wp","href":"https:\/\/api.w.org\/{rel}","templated":true}]}}