{"id":24392,"date":"2025-04-23T06:39:45","date_gmt":"2025-04-23T09:39:45","guid":{"rendered":"https:\/\/jm-metropole.com.br\/site\/?p=24392"},"modified":"2025-04-23T06:39:45","modified_gmt":"2025-04-23T09:39:45","slug":"semana-do-trabalhador-tera-vagas-de-emprego-cursos-palestras-e-servicos-gratuitos","status":"publish","type":"post","link":"https:\/\/jm-metropole.com.br\/site\/semana-do-trabalhador-tera-vagas-de-emprego-cursos-palestras-e-servicos-gratuitos\/","title":{"rendered":"Semana do Trabalhador ter\u00e1 vagas de emprego, cursos, palestras e servi\u00e7os gratuitos"},"content":{"rendered":"<p>A Prefeitura de Guarulhos realiza no dia 7 de maio, quarta-feira, das 9h \u00e0s 16h, a quarta edi\u00e7\u00e3o da Semana do Trabalhador, no Centro de Educa\u00e7\u00e3o Municipal Adamastor, no Macedo. O evento oferecer\u00e1 centenas de vagas de emprego, inscri\u00e7\u00f5es em cursos gratuitos, palestras sobre o mercado de trabalho, atendimento ao microempreendedor individual e orienta\u00e7\u00f5es sobre o Banco do Povo Paulista.<\/p>\n<p>Para concorrer \u00e0s vagas de emprego, \u00e9 necess\u00e1rio que a pessoa interessada compare\u00e7a at\u00e9 o dia 6 de maio em uma das seis unidades da Casa do Emprego para retirar a carta de encaminhamento. Para fazer o cadastro \u00e9 necess\u00e1rio apresentar RG, CPF e comprovante de resid\u00eancia.<\/p>\n<p>\u201cO nosso objetivo \u00e9 fortalecer cada vez mais as pol\u00edticas de gera\u00e7\u00e3o de renda e, para isso, contamos sempre com a participa\u00e7\u00e3o de diversos seguimentos da sociedade civil como empresas parceiras e institui\u00e7\u00f5es de ensino\u201d, afirmou Adalberto Jos\u00e9 Mathias Pinto, secret\u00e1rio do Trabalho, pasta respons\u00e1vel pela realiza\u00e7\u00e3o do evento.<\/p>\n<p>Endere\u00e7os da Casa do Emprego<\/p>\n<p>Centro: av. Monteiro Lobato, 734 \u2013 Macedo (Adamastor)<br \/>\nCumbica: av. Atalaia do Norte 544 (CEU Cumbica)<br \/>\nPimentas: estrada Cap\u00e3o Bonito, 53 (dentro do CIC)<br \/>\nVila Augusta: av. Ant\u00f4nio Iervolino, 225<br \/>\nVila Galv\u00e3o: av. S\u00e3o Luiz, 315 (FIG &#8211; Unimesp)<br \/>\nJardim S\u00e3o Jo\u00e3o: ao lado o terminal S\u00e3o Jo\u00e3o<\/p>\n<p>Imagem de Arquivo \/ Secom<\/p>\n","protected":false},"excerpt":{"rendered":"<p>A Prefeitura de Guarulhos realiza no dia 7 de maio, quarta-feira, das 9h \u00e0s 16h, a quarta edi\u00e7\u00e3o da Semana do Trabalhador, no Centro de Educa\u00e7\u00e3o Municipal Adamastor, no Macedo. O evento oferecer\u00e1 centenas de vagas de emprego, inscri\u00e7\u00f5es em cursos gratuitos, palestras sobre o mercado de trabalho, atendimento ao microempreendedor individual e orienta\u00e7\u00f5es sobre [&hellip;]<\/p>\n","protected":false},"author":1,"featured_media":24393,"comment_status":"open","ping_status":"open","sticky":false,"template":"","format":"standard","meta":{"footnotes":""},"categories":[3],"tags":[],"class_list":{"0":"post-24392","1":"post","2":"type-post","3":"status-publish","4":"format-standard","5":"has-post-thumbnail","7":"category-guarulhos"},"_links":{"self":[{"href":"https:\/\/jm-metropole.com.br\/site\/wp-json\/wp\/v2\/posts\/24392","targetHints":{"allow":["GET"]}}],"collection":[{"href":"https:\/\/jm-metropole.com.br\/site\/wp-json\/wp\/v2\/posts"}],"about":[{"href":"https:\/\/jm-metropole.com.br\/site\/wp-json\/wp\/v2\/types\/post"}],"author":[{"embeddable":true,"href":"https:\/\/jm-metropole.com.br\/site\/wp-json\/wp\/v2\/users\/1"}],"replies":[{"embeddable":true,"href":"https:\/\/jm-metropole.com.br\/site\/wp-json\/wp\/v2\/comments?post=24392"}],"version-history":[{"count":1,"href":"https:\/\/jm-metropole.com.br\/site\/wp-json\/wp\/v2\/posts\/24392\/revisions"}],"predecessor-version":[{"id":24394,"href":"https:\/\/jm-metropole.com.br\/site\/wp-json\/wp\/v2\/posts\/24392\/revisions\/24394"}],"wp:featuredmedia":[{"embeddable":true,"href":"https:\/\/jm-metropole.com.br\/site\/wp-json\/wp\/v2\/media\/24393"}],"wp:attachment":[{"href":"https:\/\/jm-metropole.com.br\/site\/wp-json\/wp\/v2\/media?parent=24392"}],"wp:term":[{"taxonomy":"category","embeddable":true,"href":"https:\/\/jm-metropole.com.br\/site\/wp-json\/wp\/v2\/categories?post=24392"},{"taxonomy":"post_tag","embeddable":true,"href":"https:\/\/jm-metropole.com.br\/site\/wp-json\/wp\/v2\/tags?post=24392"}],"curies":[{"name":"wp","href":"https:\/\/api.w.org\/{rel}","templated":true}]}}