{"id":24386,"date":"2025-04-22T17:46:15","date_gmt":"2025-04-22T20:46:15","guid":{"rendered":"https:\/\/jm-metropole.com.br\/site\/?p=24386"},"modified":"2025-04-22T17:46:15","modified_gmt":"2025-04-22T20:46:15","slug":"prefeitura-de-mogi-instala-altar-em-homenagem-a-sao-benedito-nesta-quarta-feira-23-04","status":"publish","type":"post","link":"https:\/\/jm-metropole.com.br\/site\/prefeitura-de-mogi-instala-altar-em-homenagem-a-sao-benedito-nesta-quarta-feira-23-04\/","title":{"rendered":"Prefeitura de Mogi instala altar em homenagem a S\u00e3o Benedito nesta quarta-feira (23\/04)"},"content":{"rendered":"<p>Nesta quarta-feira (23\/04), \u00e0s 16 horas, a Prefeitura de Mogi das Cruzes realiza a cerim\u00f4nia de instala\u00e7\u00e3o e ben\u00e7\u00e3o do altar em homenagem a S\u00e3o Benedito, no hall de eventos do pr\u00e9dio-sede da administra\u00e7\u00e3o municipal, no Centro C\u00edvico. A atividade faz parte da programa\u00e7\u00e3o da tradicional festa religiosa em louvor ao padroeiro dos afrodescendentes, das donas de casa e dos cozinheiros. O evento chega \u00e0 sua 146\u00aa edi\u00e7\u00e3o, com in\u00edcio na quinta-feira (24\/04) e atra\u00e7\u00f5es at\u00e9 o pr\u00f3ximo dia 4 de maio, no Santu\u00e1rio Diocesano do Senhor Bom Jesus, conhecido como Igreja de S\u00e3o Benedito.<\/p>\n<p>A cerim\u00f4nia, na Prefeitura, contar\u00e1 com a presen\u00e7a da prefeita Mara Bertaiolli, do vice-prefeito T\u00e9o Cusatis, do bispo diocesano Dom Pedro Luiz Stringhini, do reitor do Santu\u00e1rio do Senhor Bom Jesus, padre Marcos Sulivan Vieira, dos festeiros Marcel Pupo de Almeida e Renata Sponda de Almeida, dos capit\u00e3es de mastro Jo\u00e3o Pedro de Oliveira e Gabriella de Oliveira Barrachi, al\u00e9m de secret\u00e1rio municipais, servidores e do p\u00fablico em geral.<\/p>\n<p>O evento ter\u00e1\u00a0apresenta\u00e7\u00e3o do Coral do Santu\u00e1rio do Senhor Bom Jesus, com repert\u00f3rio especialmente preparado para a celebra\u00e7\u00e3o.<\/p>\n<p>A abertura oficial da 146\u00aa Festa de S\u00e3o Benedito, que al\u00e9m de celebrar a f\u00e9, rememora o folclore popular e a heran\u00e7a portuguesa e africana inseridas no patrim\u00f4nio cultural de Mogi, acontece nesta quinta-feira (24\/04), \u00e0s 18h30, com prociss\u00e3o que sair\u00e1 da Capela Santa Cruz, na Rua Dr. Ricardo Vilela, 1.200, em dire\u00e7\u00e3o ao Santu\u00e1rio do Senhor Bom Jesus (Igreja S\u00e3o Benedito), na mesma via.<\/p>\n<p>No local, haver\u00e1 o hasteamento do mastro, seguido da missa presidida pelo bispo Dom Pedro e, logo ap\u00f3s, o in\u00edcio da quermesse, que reunir\u00e1 barracas de comes e bebes t\u00edpicos, no Largo Bom Jesus, tamb\u00e9m conhecido como Largo S\u00e3o Benedito.<\/p>\n<p>Ao longo de 11 dias, a programa\u00e7\u00e3o da festa tamb\u00e9m contar\u00e1 com missas solenes, novena e shows na \u00e1rea da quermesse, at\u00e9 4 de maio. Todo o valor arrecadado durante o evento ser\u00e1 destinado \u00e0 constru\u00e7\u00e3o do sal\u00e3o paroquial do Santu\u00e1rio.<\/p>\n<p><strong>Hist\u00f3ria de S\u00e3o Benedito<\/strong><br \/>\nFilho de escravos africanos, S\u00e3o Benedito nasceu na Aldeia de S\u00e3o Fratelo, na It\u00e1lia, entre 1524 e 1526. Sentindo-se ligado ao servi\u00e7o de Deus, ainda bem jovem vendeu o que tinha, distribuiu aos pobres e retirou-se para uma vida solit\u00e1ria.<\/p>\n<p>Viveu em simplicidade e dedica\u00e7\u00e3o \u00e0 f\u00e9, atuando como cozinheiro e depois mestre de novi\u00e7os e superior de convento. Aos 63 anos, S\u00e3o Benedito adoeceu e morreu em 4 de abril de 1589. Antes de sua canoniza\u00e7\u00e3o, j\u00e1 era grande a devo\u00e7\u00e3o por ele no Brasil.<\/p>\n<p>O papa Pio VII, depois da comprova\u00e7\u00e3o de milagres realizados por S\u00e3o Benedito, em um processo que durou mais de 200 anos, inscreveu-o no Cat\u00e1logo dos Santos, em 25 de maio de 1807.<\/p>\n<p>&nbsp;<\/p>\n","protected":false},"excerpt":{"rendered":"<p>Nesta quarta-feira (23\/04), \u00e0s 16 horas, a Prefeitura de Mogi das Cruzes realiza a cerim\u00f4nia de instala\u00e7\u00e3o e ben\u00e7\u00e3o do altar em homenagem a S\u00e3o Benedito, no hall de eventos do pr\u00e9dio-sede da administra\u00e7\u00e3o municipal, no Centro C\u00edvico. A atividade faz parte da programa\u00e7\u00e3o da tradicional festa religiosa em louvor ao padroeiro dos afrodescendentes, das [&hellip;]<\/p>\n","protected":false},"author":1,"featured_media":24387,"comment_status":"open","ping_status":"open","sticky":false,"template":"","format":"standard","meta":{"footnotes":""},"categories":[10],"tags":[],"class_list":{"0":"post-24386","1":"post","2":"type-post","3":"status-publish","4":"format-standard","5":"has-post-thumbnail","7":"category-mogi-das-cruzes"},"_links":{"self":[{"href":"https:\/\/jm-metropole.com.br\/site\/wp-json\/wp\/v2\/posts\/24386","targetHints":{"allow":["GET"]}}],"collection":[{"href":"https:\/\/jm-metropole.com.br\/site\/wp-json\/wp\/v2\/posts"}],"about":[{"href":"https:\/\/jm-metropole.com.br\/site\/wp-json\/wp\/v2\/types\/post"}],"author":[{"embeddable":true,"href":"https:\/\/jm-metropole.com.br\/site\/wp-json\/wp\/v2\/users\/1"}],"replies":[{"embeddable":true,"href":"https:\/\/jm-metropole.com.br\/site\/wp-json\/wp\/v2\/comments?post=24386"}],"version-history":[{"count":1,"href":"https:\/\/jm-metropole.com.br\/site\/wp-json\/wp\/v2\/posts\/24386\/revisions"}],"predecessor-version":[{"id":24388,"href":"https:\/\/jm-metropole.com.br\/site\/wp-json\/wp\/v2\/posts\/24386\/revisions\/24388"}],"wp:featuredmedia":[{"embeddable":true,"href":"https:\/\/jm-metropole.com.br\/site\/wp-json\/wp\/v2\/media\/24387"}],"wp:attachment":[{"href":"https:\/\/jm-metropole.com.br\/site\/wp-json\/wp\/v2\/media?parent=24386"}],"wp:term":[{"taxonomy":"category","embeddable":true,"href":"https:\/\/jm-metropole.com.br\/site\/wp-json\/wp\/v2\/categories?post=24386"},{"taxonomy":"post_tag","embeddable":true,"href":"https:\/\/jm-metropole.com.br\/site\/wp-json\/wp\/v2\/tags?post=24386"}],"curies":[{"name":"wp","href":"https:\/\/api.w.org\/{rel}","templated":true}]}}