{"id":24325,"date":"2025-04-18T06:24:17","date_gmt":"2025-04-18T09:24:17","guid":{"rendered":"https:\/\/jm-metropole.com.br\/site\/?p=24325"},"modified":"2025-04-18T06:24:17","modified_gmt":"2025-04-18T09:24:17","slug":"habitacao-de-itaqua-protocola-mil-matriculas-do-jardim-odete-ii","status":"publish","type":"post","link":"https:\/\/jm-metropole.com.br\/site\/habitacao-de-itaqua-protocola-mil-matriculas-do-jardim-odete-ii\/","title":{"rendered":"Habita\u00e7\u00e3o de Itaqu\u00e1 protocola mil matr\u00edculas do Jardim Odete II"},"content":{"rendered":"<p>Regulariza\u00e7\u00e3o dar\u00e1 seguran\u00e7a jur\u00eddica \u00e0s fam\u00edlias contempladas com unidades da CDHU<\/p>\n<p>A Prefeitura de Itaquaquecetuba, por meio do programa estadual Cidade Legal, protocolou 1.060 matr\u00edculas do n\u00facleo Itaquaquecetuba E, no Jardim Odete II. A secret\u00e1ria executiva do programa, Candel\u00e1ria Reys, esteve na cidade e acompanhou a secret\u00e1ria de Habita\u00e7\u00e3o, Angela Quirino, no Cart\u00f3rio Oficial de Registro de Im\u00f3veis e Anexos.<\/p>\n<p>O n\u00facleo todo possui cerca de 1.400 mil im\u00f3veis e, na primeira fase, 1.060 ser\u00e3o matriculados. O processo envolveu an\u00e1lise da infraestrutura do bairro, levantamento topogr\u00e1fico, verifica\u00e7\u00e3o de cadastro dos moradores, an\u00e1lise de mais de mil contratos de financiamento, reuni\u00f5es de conscientiza\u00e7\u00e3o, execu\u00e7\u00e3o do projeto urban\u00edstico, protocolo no cart\u00f3rio dos projetos, Certid\u00e3o de Regulariza\u00e7\u00e3o Fundi\u00e1ria (CRF) e listagem dos legitimados para o registro e emiss\u00e3o das matr\u00edculas.<\/p>\n<p>Todo o trabalho de levantamento topogr\u00e1fico e verifica\u00e7\u00e3o das matr\u00edculas foi feito em conjunto com a Companhia de Desenvolvimento Habitacional e Urbano do Estado de S\u00e3o Paulo (CDHU), titular do dom\u00ednio da \u00e1rea e financiadora dos apartamentos e casas que existem no n\u00facleo. &#8220;A parceria com o governo estadual \u00e9 primordial para desenvolver e fomentar a regulariza\u00e7\u00e3o fundi\u00e1ria em v\u00e1rias frentes, potencializando essa pol\u00edtica p\u00fablica que constr\u00f3i cidades e combate a desigualdade social&#8221;, disse a secret\u00e1ria de Habita\u00e7\u00e3o, Angela Quirino.<\/p>\n<p>Os pr\u00f3ximos passos ser\u00e3o o registro, a emiss\u00e3o das matr\u00edculas e o grande momento da entrega. \u201cA regulariza\u00e7\u00e3o vai conferir seguran\u00e7a jur\u00eddica \u00e0s fam\u00edlias que foram contempladas com unidades habitacionais da CDHU e que, ap\u00f3s anos de financiamento, v\u00e3o obter a matr\u00edcula do seu im\u00f3vel. Vamos seguir avan\u00e7ando com o aux\u00edlio do Cidade Legal, garantindo mais dignidade aos moradores&#8221;, acrescentou o prefeito Eduardo Boigues.<\/p>\n<p>Fotos: Chalaine Kerchner<\/p>\n","protected":false},"excerpt":{"rendered":"<p>Regulariza\u00e7\u00e3o dar\u00e1 seguran\u00e7a jur\u00eddica \u00e0s fam\u00edlias contempladas com unidades da CDHU A Prefeitura de Itaquaquecetuba, por meio do programa estadual Cidade Legal, protocolou 1.060 matr\u00edculas do n\u00facleo Itaquaquecetuba E, no Jardim Odete II. A secret\u00e1ria executiva do programa, Candel\u00e1ria Reys, esteve na cidade e acompanhou a secret\u00e1ria de Habita\u00e7\u00e3o, Angela Quirino, no Cart\u00f3rio Oficial de [&hellip;]<\/p>\n","protected":false},"author":1,"featured_media":24326,"comment_status":"open","ping_status":"open","sticky":false,"template":"","format":"standard","meta":{"footnotes":""},"categories":[6],"tags":[],"class_list":{"0":"post-24325","1":"post","2":"type-post","3":"status-publish","4":"format-standard","5":"has-post-thumbnail","7":"category-itaqua"},"_links":{"self":[{"href":"https:\/\/jm-metropole.com.br\/site\/wp-json\/wp\/v2\/posts\/24325","targetHints":{"allow":["GET"]}}],"collection":[{"href":"https:\/\/jm-metropole.com.br\/site\/wp-json\/wp\/v2\/posts"}],"about":[{"href":"https:\/\/jm-metropole.com.br\/site\/wp-json\/wp\/v2\/types\/post"}],"author":[{"embeddable":true,"href":"https:\/\/jm-metropole.com.br\/site\/wp-json\/wp\/v2\/users\/1"}],"replies":[{"embeddable":true,"href":"https:\/\/jm-metropole.com.br\/site\/wp-json\/wp\/v2\/comments?post=24325"}],"version-history":[{"count":1,"href":"https:\/\/jm-metropole.com.br\/site\/wp-json\/wp\/v2\/posts\/24325\/revisions"}],"predecessor-version":[{"id":24327,"href":"https:\/\/jm-metropole.com.br\/site\/wp-json\/wp\/v2\/posts\/24325\/revisions\/24327"}],"wp:featuredmedia":[{"embeddable":true,"href":"https:\/\/jm-metropole.com.br\/site\/wp-json\/wp\/v2\/media\/24326"}],"wp:attachment":[{"href":"https:\/\/jm-metropole.com.br\/site\/wp-json\/wp\/v2\/media?parent=24325"}],"wp:term":[{"taxonomy":"category","embeddable":true,"href":"https:\/\/jm-metropole.com.br\/site\/wp-json\/wp\/v2\/categories?post=24325"},{"taxonomy":"post_tag","embeddable":true,"href":"https:\/\/jm-metropole.com.br\/site\/wp-json\/wp\/v2\/tags?post=24325"}],"curies":[{"name":"wp","href":"https:\/\/api.w.org\/{rel}","templated":true}]}}