{"id":24321,"date":"2025-04-17T17:19:49","date_gmt":"2025-04-17T20:19:49","guid":{"rendered":"https:\/\/jm-metropole.com.br\/site\/?p=24321"},"modified":"2025-04-17T17:19:49","modified_gmt":"2025-04-17T20:19:49","slug":"corrida-do-trabalhador-de-guararema-registra-recorde-de-participantes","status":"publish","type":"post","link":"https:\/\/jm-metropole.com.br\/site\/corrida-do-trabalhador-de-guararema-registra-recorde-de-participantes\/","title":{"rendered":"Corrida do Trabalhador de Guararema registra recorde de participantes"},"content":{"rendered":"<p>Evento noturno tem retirada de kits a partir das 13 horas e a largada \u00e0s 19 horas do dia 1\u00ba de maio<\/p>\n<p>A tradicional \u201cCorrida do Trabalhador\u201d organizada pela Prefeitura de Guararema em celebra\u00e7\u00e3o ao dia 1\u00ba de maio, registra recorde de participantes para a edi\u00e7\u00e3o de 2025. Isso porque mais de 630 moradores est\u00e3o inscritos, e considerando as pessoas vindas de outras cidades o total fica em aproximadamente 1 mil corredores. Para efeito de compara\u00e7\u00e3o, em 2023 foram aproximadamente 700, e em 2024 cerca de 900.<\/p>\n<p>Al\u00e9m disso h\u00e1 tamb\u00e9m diversas novidades na Corrida do Trabalhador em 2025. A principal delas \u00e9 que pela primeira vez o evento ser\u00e1 noturno e ter\u00e1 a largada \u00e0s 19 horas em um novo local: o Complexo Esportivo \u201cPaulo Geanetti Machado\u201d, no novo vi\u00e1rio que liga o bairro Nogueira ao Centro.<\/p>\n<p>Al\u00e9m disso, haver\u00e1 apresenta\u00e7\u00e3o da Banda Fourside, com m\u00fasica ao vivo a partir das 17 horas no local. E neste ano a corrida de seis quil\u00f4metros homenageia Maria Jos\u00e9 da Silva Guerreiro, a Mas\u00e9, que era chefe de trem no passeio tur\u00edstico Trem de Guararema e faleceu em 2024.<\/p>\n<p>J\u00e1 os kits que incluem camiseta e chip de identifica\u00e7\u00e3o devem ser retirados pelos participantes no pr\u00f3prio dia 1\u00ba de maio, das 13 \u00e0s 17 horas, no Guararema Futebol Clube, que fica ao lado do local de largada. Para tanto \u00e9 preciso apresentar documento pessoal com foto.<\/p>\n<p>Com apoio das empresas Esportes ON, CK Eventos e Frango Assado Guararema, a Corrida do Trabalhador \u00e9 organizada pela Prefeitura de Guararema, por meio da Secretaria Municipal de Esportes, Lazer e Qualidade de Vida. Mais informa\u00e7\u00f5es est\u00e3o dispon\u00edveis pelo telefone (11) 4693-3601.<\/p>\n","protected":false},"excerpt":{"rendered":"<p>Evento noturno tem retirada de kits a partir das 13 horas e a largada \u00e0s 19 horas do dia 1\u00ba de maio A tradicional \u201cCorrida do Trabalhador\u201d organizada pela Prefeitura de Guararema em celebra\u00e7\u00e3o ao dia 1\u00ba de maio, registra recorde de participantes para a edi\u00e7\u00e3o de 2025. Isso porque mais de 630 moradores est\u00e3o [&hellip;]<\/p>\n","protected":false},"author":1,"featured_media":24322,"comment_status":"open","ping_status":"open","sticky":false,"template":"","format":"standard","meta":{"footnotes":""},"categories":[8],"tags":[],"class_list":{"0":"post-24321","1":"post","2":"type-post","3":"status-publish","4":"format-standard","5":"has-post-thumbnail","7":"category-guararema"},"_links":{"self":[{"href":"https:\/\/jm-metropole.com.br\/site\/wp-json\/wp\/v2\/posts\/24321","targetHints":{"allow":["GET"]}}],"collection":[{"href":"https:\/\/jm-metropole.com.br\/site\/wp-json\/wp\/v2\/posts"}],"about":[{"href":"https:\/\/jm-metropole.com.br\/site\/wp-json\/wp\/v2\/types\/post"}],"author":[{"embeddable":true,"href":"https:\/\/jm-metropole.com.br\/site\/wp-json\/wp\/v2\/users\/1"}],"replies":[{"embeddable":true,"href":"https:\/\/jm-metropole.com.br\/site\/wp-json\/wp\/v2\/comments?post=24321"}],"version-history":[{"count":1,"href":"https:\/\/jm-metropole.com.br\/site\/wp-json\/wp\/v2\/posts\/24321\/revisions"}],"predecessor-version":[{"id":24323,"href":"https:\/\/jm-metropole.com.br\/site\/wp-json\/wp\/v2\/posts\/24321\/revisions\/24323"}],"wp:featuredmedia":[{"embeddable":true,"href":"https:\/\/jm-metropole.com.br\/site\/wp-json\/wp\/v2\/media\/24322"}],"wp:attachment":[{"href":"https:\/\/jm-metropole.com.br\/site\/wp-json\/wp\/v2\/media?parent=24321"}],"wp:term":[{"taxonomy":"category","embeddable":true,"href":"https:\/\/jm-metropole.com.br\/site\/wp-json\/wp\/v2\/categories?post=24321"},{"taxonomy":"post_tag","embeddable":true,"href":"https:\/\/jm-metropole.com.br\/site\/wp-json\/wp\/v2\/tags?post=24321"}],"curies":[{"name":"wp","href":"https:\/\/api.w.org\/{rel}","templated":true}]}}