{"id":24315,"date":"2025-04-17T17:13:00","date_gmt":"2025-04-17T20:13:00","guid":{"rendered":"https:\/\/jm-metropole.com.br\/site\/?p=24315"},"modified":"2025-04-17T17:13:00","modified_gmt":"2025-04-17T20:13:00","slug":"em-coletiva-de-imprensa-profa-cris-faz-balanco-dos-primeiros-100-dias-de-gestao","status":"publish","type":"post","link":"https:\/\/jm-metropole.com.br\/site\/em-coletiva-de-imprensa-profa-cris-faz-balanco-dos-primeiros-100-dias-de-gestao\/","title":{"rendered":"Em coletiva de imprensa, Prof\u00aa Cris faz balan\u00e7o dos primeiros 100 dias de gest\u00e3o"},"content":{"rendered":"<p>Presidente do Legislativo apresentou os avan\u00e7os e desafios do in\u00edcio da legislatura<\/p>\n<p>\u2696\ufe0fA vereadora e Presidente da C\u00e2mara Municipal de Aruj\u00e1, Prof\u00aa Cris, apresentou \u00e0 imprensa na manh\u00e3 desta quinta-feira (17\/04) o balan\u00e7o dos 100 primeiros dias de sua gest\u00e3o \u00e0 frente da Mesa Diretora do Legislativo.<\/p>\n<p>\ud83d\udcf2Leia a mat\u00e9ria na \u00edntegra: https:\/\/www.camaraaruja.sp.gov.br\/noticias\/em-coletiva-de-imprensa-profa-cris-faz-balanco-dos-primeiros-100-dias-de-gestao<\/p>\n","protected":false},"excerpt":{"rendered":"<p>Presidente do Legislativo apresentou os avan\u00e7os e desafios do in\u00edcio da legislatura \u2696\ufe0fA vereadora e Presidente da C\u00e2mara Municipal de Aruj\u00e1, Prof\u00aa Cris, apresentou \u00e0 imprensa na manh\u00e3 desta quinta-feira (17\/04) o balan\u00e7o dos 100 primeiros dias de sua gest\u00e3o \u00e0 frente da Mesa Diretora do Legislativo. \ud83d\udcf2Leia a mat\u00e9ria na \u00edntegra: https:\/\/www.camaraaruja.sp.gov.br\/noticias\/em-coletiva-de-imprensa-profa-cris-faz-balanco-dos-primeiros-100-dias-de-gestao<\/p>\n","protected":false},"author":1,"featured_media":24316,"comment_status":"open","ping_status":"open","sticky":false,"template":"","format":"standard","meta":{"footnotes":""},"categories":[1],"tags":[],"class_list":{"0":"post-24315","1":"post","2":"type-post","3":"status-publish","4":"format-standard","5":"has-post-thumbnail","7":"category-tudo"},"_links":{"self":[{"href":"https:\/\/jm-metropole.com.br\/site\/wp-json\/wp\/v2\/posts\/24315","targetHints":{"allow":["GET"]}}],"collection":[{"href":"https:\/\/jm-metropole.com.br\/site\/wp-json\/wp\/v2\/posts"}],"about":[{"href":"https:\/\/jm-metropole.com.br\/site\/wp-json\/wp\/v2\/types\/post"}],"author":[{"embeddable":true,"href":"https:\/\/jm-metropole.com.br\/site\/wp-json\/wp\/v2\/users\/1"}],"replies":[{"embeddable":true,"href":"https:\/\/jm-metropole.com.br\/site\/wp-json\/wp\/v2\/comments?post=24315"}],"version-history":[{"count":1,"href":"https:\/\/jm-metropole.com.br\/site\/wp-json\/wp\/v2\/posts\/24315\/revisions"}],"predecessor-version":[{"id":24317,"href":"https:\/\/jm-metropole.com.br\/site\/wp-json\/wp\/v2\/posts\/24315\/revisions\/24317"}],"wp:featuredmedia":[{"embeddable":true,"href":"https:\/\/jm-metropole.com.br\/site\/wp-json\/wp\/v2\/media\/24316"}],"wp:attachment":[{"href":"https:\/\/jm-metropole.com.br\/site\/wp-json\/wp\/v2\/media?parent=24315"}],"wp:term":[{"taxonomy":"category","embeddable":true,"href":"https:\/\/jm-metropole.com.br\/site\/wp-json\/wp\/v2\/categories?post=24315"},{"taxonomy":"post_tag","embeddable":true,"href":"https:\/\/jm-metropole.com.br\/site\/wp-json\/wp\/v2\/tags?post=24315"}],"curies":[{"name":"wp","href":"https:\/\/api.w.org\/{rel}","templated":true}]}}