{"id":24306,"date":"2025-04-17T15:02:42","date_gmt":"2025-04-17T18:02:42","guid":{"rendered":"https:\/\/jm-metropole.com.br\/site\/?p=24306"},"modified":"2025-04-17T15:02:42","modified_gmt":"2025-04-17T18:02:42","slug":"policiamento-municipal-de-guarulhos-prende-homem-por-violencia-domestica-na-vila-galvao","status":"publish","type":"post","link":"https:\/\/jm-metropole.com.br\/site\/policiamento-municipal-de-guarulhos-prende-homem-por-violencia-domestica-na-vila-galvao\/","title":{"rendered":"Policiamento Municipal de Guarulhos prende homem por viol\u00eancia dom\u00e9stica na Vila Galv\u00e3o"},"content":{"rendered":"<p>Agentes da Inspetoria Sul do Policiamento Municipal de Guarulhos prenderam, nesta quarta-feira (16), um homem por viol\u00eancia dom\u00e9stica no bairro Vila Galv\u00e3o. A ocorr\u00eancia foi registrada por volta das 4h, ap\u00f3s a Central 153 ser acionada por familiares da v\u00edtima.<\/p>\n<p>De acordo com as informa\u00e7\u00f5es repassadas \u00e0 central, o agressor, armado com uma faca, amea\u00e7ava a esposa e a cunhada dentro da resid\u00eancia onde os fatos ocorreram. A equipe se deslocou imediatamente at\u00e9 o local, onde encontrou o suspeito ainda com a arma utilizada nas amea\u00e7as. Ele foi detido em flagrante e conduzido ao 1\u00ba Distrito Policial (avenida Monteiro Lobato, 244 \u2013 Centro), juntamente com as v\u00edtimas e a faca apreendida.<\/p>\n<p>Ap\u00f3s os depoimentos, a autoridade policial de plant\u00e3o ratificou a pris\u00e3o em flagrante por viol\u00eancia dom\u00e9stica e amea\u00e7a. O agressor permanece detido e \u00e0 disposi\u00e7\u00e3o da Justi\u00e7a.<\/p>\n<p>&nbsp;<\/p>\n","protected":false},"excerpt":{"rendered":"<p>Agentes da Inspetoria Sul do Policiamento Municipal de Guarulhos prenderam, nesta quarta-feira (16), um homem por viol\u00eancia dom\u00e9stica no bairro Vila Galv\u00e3o. A ocorr\u00eancia foi registrada por volta das 4h, ap\u00f3s a Central 153 ser acionada por familiares da v\u00edtima. De acordo com as informa\u00e7\u00f5es repassadas \u00e0 central, o agressor, armado com uma faca, amea\u00e7ava [&hellip;]<\/p>\n","protected":false},"author":1,"featured_media":24307,"comment_status":"open","ping_status":"open","sticky":false,"template":"","format":"standard","meta":{"footnotes":""},"categories":[3],"tags":[],"class_list":{"0":"post-24306","1":"post","2":"type-post","3":"status-publish","4":"format-standard","5":"has-post-thumbnail","7":"category-guarulhos"},"_links":{"self":[{"href":"https:\/\/jm-metropole.com.br\/site\/wp-json\/wp\/v2\/posts\/24306","targetHints":{"allow":["GET"]}}],"collection":[{"href":"https:\/\/jm-metropole.com.br\/site\/wp-json\/wp\/v2\/posts"}],"about":[{"href":"https:\/\/jm-metropole.com.br\/site\/wp-json\/wp\/v2\/types\/post"}],"author":[{"embeddable":true,"href":"https:\/\/jm-metropole.com.br\/site\/wp-json\/wp\/v2\/users\/1"}],"replies":[{"embeddable":true,"href":"https:\/\/jm-metropole.com.br\/site\/wp-json\/wp\/v2\/comments?post=24306"}],"version-history":[{"count":1,"href":"https:\/\/jm-metropole.com.br\/site\/wp-json\/wp\/v2\/posts\/24306\/revisions"}],"predecessor-version":[{"id":24308,"href":"https:\/\/jm-metropole.com.br\/site\/wp-json\/wp\/v2\/posts\/24306\/revisions\/24308"}],"wp:featuredmedia":[{"embeddable":true,"href":"https:\/\/jm-metropole.com.br\/site\/wp-json\/wp\/v2\/media\/24307"}],"wp:attachment":[{"href":"https:\/\/jm-metropole.com.br\/site\/wp-json\/wp\/v2\/media?parent=24306"}],"wp:term":[{"taxonomy":"category","embeddable":true,"href":"https:\/\/jm-metropole.com.br\/site\/wp-json\/wp\/v2\/categories?post=24306"},{"taxonomy":"post_tag","embeddable":true,"href":"https:\/\/jm-metropole.com.br\/site\/wp-json\/wp\/v2\/tags?post=24306"}],"curies":[{"name":"wp","href":"https:\/\/api.w.org\/{rel}","templated":true}]}}