{"id":24297,"date":"2025-04-17T07:55:30","date_gmt":"2025-04-17T10:55:30","guid":{"rendered":"https:\/\/jm-metropole.com.br\/site\/?p=24297"},"modified":"2025-04-17T07:55:30","modified_gmt":"2025-04-17T10:55:30","slug":"lancamento-da-exposicao-guaru-raizes-do-brasil-celebra-a-essencia-ancestral-do-povo-brasileiro","status":"publish","type":"post","link":"https:\/\/jm-metropole.com.br\/site\/lancamento-da-exposicao-guaru-raizes-do-brasil-celebra-a-essencia-ancestral-do-povo-brasileiro\/","title":{"rendered":"Lan\u00e7amento da Exposi\u00e7\u00e3o &#8220;Guar\u00fa: Ra\u00edzes do Brasil&#8221; Celebra a Ess\u00eancia Ancestral do Povo Brasileiro"},"content":{"rendered":"<p>Nesta quarta-feira (16) o Museu Municipal de Aruj\u00e1 &#8220;Umbelina Ferreira Barbosa&#8221; recebeu o lan\u00e7amento da exposi\u00e7\u00e3o &#8220;Guar\u00fa: Ra\u00edzes do Brasil&#8221;, uma iniciativa da Prefeitura de Aruj\u00e1, Diretoria de Igualdade Racial, vinculada \u00e0 Secretaria Municipal de Assist\u00eancia Social, e Secretaria de Cultura. A mostra \u00e9 uma viagem \u00e0s origens que moldam a identidade do nosso povo, mergulhando nas tradi\u00e7\u00f5es que conectam o Brasil \u00e0 sua ess\u00eancia ancestral.<\/p>\n<p>A exposi\u00e7\u00e3o traz \u00e0 tona a for\u00e7a da natureza, da cultura e dos povos origin\u00e1rios, convidando a todos a reconectar-se com a rica heran\u00e7a ind\u00edgena da cidade de Aruj\u00e1. A exposi\u00e7\u00e3o busca promover a valoriza\u00e7\u00e3o da cultura e da hist\u00f3ria local. Logo na entrada, os visitantes se depararam com uma oca especialmente montada para recepcion\u00e1-los. J\u00e1 dentro do Museu, v\u00e1rios objetos e acess\u00f3rios ind\u00edgenas, um verdadeiro acervo sagrado, bem como diversos itens feitos pelos alunos do Centro de Conviv\u00eancia da Crian\u00e7a e do Adolescente (CCCA) Centro, Barreto e Mirante, inclusive uma maquete de uma aldeia, que surpreendeu pelos detalhes, e a visita ilustre, na abertura da exposi\u00e7\u00e3o, do cacique Xarumai da aldeia M&#8217;Boiji, vindo de Mogi das Cruzes, cujo nome \u00e9 Lu\u00eds Wera Djekip\u00e9 Lima, e representantes dos Tupinamb\u00e1s, Nai\u00e1 e Yakuy.<\/p>\n<p>A mostra permanecer\u00e1 aberta ao p\u00fablico at\u00e9 o dia 13 de maio, de segunda a sexta-feira, das 8h \u00e0s 17h, exceto durante o feriado prolongado da Sexta-feira Santa e de Tiradentes. A entrada \u00e9 gratuita, permitindo que toda a comunidade possa aproveitar essa oportunidade para se reconectar com suas ra\u00edzes e celebrar a diversidade cultural que forma a identidade do povo brasileiro.<\/p>\n<p>Com essa iniciativa, a Prefeitura de Aruj\u00e1 busca fortalecer a conex\u00e3o entre a comunidade e sua heran\u00e7a cultural, promovendo a reflex\u00e3o e o apre\u00e7o pela hist\u00f3ria local.<\/p>\n<p>O prefeito Luis Camargo, o Dr Camargo, ressaltou que Aruj\u00e1 foi a primeira cidade do Alto Tiet\u00ea a criar a Diretoria da Mulher, a Diretoria da Igualdade Racial e a Diretoria da Pessoa com Defici\u00eancia e comentou sobre import\u00e2ncia do fato: &#8220;Toda quest\u00e3o, para ser resolvida, precisa ser trazida \u00e0 luz. Ent\u00e3o, ao darmos voz e vez a essas pessoas, que muitas vezes acabam sendo marginalizadas e exclu\u00eddas, muitas vezes do conv\u00edvio social, j\u00e1 estamos iniciando a solu\u00e7\u00e3o&#8221;, pontuou.<\/p>\n<p>Para o secret\u00e1rio de Cultura, Rog\u00e9rio Pereira, toda a troca de informa\u00e7\u00f5es, proporcionada pelos representantes dos povos origin\u00e1rios com as crian\u00e7as, \u00e9 de grande valia para o desenvolvimento do senso cr\u00edtico e conhecimento de suas ra\u00edzes.<\/p>\n<p>Lucia Ribeiro, diretora de Igualdade Racial, expressou sua felicidade pela realiza\u00e7\u00e3o da iniciativa e agradeceu a todos que prestigiaram a exposi\u00e7\u00e3o.<\/p>\n<p>Em seu pronunciamento, durante o evento, o cacique Xarumai emocionou a plateia ao dizer: &#8220;Cortaram nossos galhos, nossas \u00e1rvores, mas n\u00e3o cortaram nossas ra\u00edzes. Todos somos iguais, todos temos nossos ancestrais na nossa \u00e1rvore geneal\u00f3gica, portanto, todos temos o mesmo sangue; todos somos uma fam\u00edlia&#8221;, expressou.<\/p>\n<p>Estiveram presentes tamb\u00e9m os secret\u00e1rios de Governo, Abelzinho, de Assist\u00eancia Social, Juliana Daniel, as diretoras da Pessoa com Defici\u00eancia, Hadassa Machado, da Mulher, Ana Poli, o historiador Jo\u00e3o Machado, jovens participantes de oficinas no CCCA Centro, Barreto e Mirante, alunos, professores, coordenadores, demais servidores e p\u00fablico em geral.<\/p>\n","protected":false},"excerpt":{"rendered":"<p>Nesta quarta-feira (16) o Museu Municipal de Aruj\u00e1 &#8220;Umbelina Ferreira Barbosa&#8221; recebeu o lan\u00e7amento da exposi\u00e7\u00e3o &#8220;Guar\u00fa: Ra\u00edzes do Brasil&#8221;, uma iniciativa da Prefeitura de Aruj\u00e1, Diretoria de Igualdade Racial, vinculada \u00e0 Secretaria Municipal de Assist\u00eancia Social, e Secretaria de Cultura. A mostra \u00e9 uma viagem \u00e0s origens que moldam a identidade do nosso povo, [&hellip;]<\/p>\n","protected":false},"author":1,"featured_media":24298,"comment_status":"open","ping_status":"open","sticky":false,"template":"","format":"standard","meta":{"footnotes":""},"categories":[4],"tags":[],"class_list":{"0":"post-24297","1":"post","2":"type-post","3":"status-publish","4":"format-standard","5":"has-post-thumbnail","7":"category-aruja"},"_links":{"self":[{"href":"https:\/\/jm-metropole.com.br\/site\/wp-json\/wp\/v2\/posts\/24297","targetHints":{"allow":["GET"]}}],"collection":[{"href":"https:\/\/jm-metropole.com.br\/site\/wp-json\/wp\/v2\/posts"}],"about":[{"href":"https:\/\/jm-metropole.com.br\/site\/wp-json\/wp\/v2\/types\/post"}],"author":[{"embeddable":true,"href":"https:\/\/jm-metropole.com.br\/site\/wp-json\/wp\/v2\/users\/1"}],"replies":[{"embeddable":true,"href":"https:\/\/jm-metropole.com.br\/site\/wp-json\/wp\/v2\/comments?post=24297"}],"version-history":[{"count":1,"href":"https:\/\/jm-metropole.com.br\/site\/wp-json\/wp\/v2\/posts\/24297\/revisions"}],"predecessor-version":[{"id":24299,"href":"https:\/\/jm-metropole.com.br\/site\/wp-json\/wp\/v2\/posts\/24297\/revisions\/24299"}],"wp:featuredmedia":[{"embeddable":true,"href":"https:\/\/jm-metropole.com.br\/site\/wp-json\/wp\/v2\/media\/24298"}],"wp:attachment":[{"href":"https:\/\/jm-metropole.com.br\/site\/wp-json\/wp\/v2\/media?parent=24297"}],"wp:term":[{"taxonomy":"category","embeddable":true,"href":"https:\/\/jm-metropole.com.br\/site\/wp-json\/wp\/v2\/categories?post=24297"},{"taxonomy":"post_tag","embeddable":true,"href":"https:\/\/jm-metropole.com.br\/site\/wp-json\/wp\/v2\/tags?post=24297"}],"curies":[{"name":"wp","href":"https:\/\/api.w.org\/{rel}","templated":true}]}}