{"id":24273,"date":"2025-04-16T16:16:32","date_gmt":"2025-04-16T19:16:32","guid":{"rendered":"https:\/\/jm-metropole.com.br\/site\/?p=24273"},"modified":"2025-04-16T16:16:32","modified_gmt":"2025-04-16T19:16:32","slug":"fundo-social-e-assistencia-social-de-aruja-se-reunem-com-entidades-para-fortalecer-atendimento-a-pessoas-em-situacao-de-vulnerabilidade","status":"publish","type":"post","link":"https:\/\/jm-metropole.com.br\/site\/fundo-social-e-assistencia-social-de-aruja-se-reunem-com-entidades-para-fortalecer-atendimento-a-pessoas-em-situacao-de-vulnerabilidade\/","title":{"rendered":"Fundo Social e Assist\u00eancia Social de Aruj\u00e1 se re\u00fanem com entidades para fortalecer atendimento a pessoas em situa\u00e7\u00e3o de vulnerabilidade"},"content":{"rendered":"<p>Em um esfor\u00e7o para ampliar e fortalecer a rede de prote\u00e7\u00e3o social no munic\u00edpio, o Fundo Social de Solidariedade e a Secretaria Municipal de Assist\u00eancia Social de Aruj\u00e1 realizaram, nesta ter\u00e7a-feira (15), uma reuni\u00e3o com representantes de entidades que atuam no atendimento a pessoas em situa\u00e7\u00e3o de vulnerabilidade.<\/p>\n<p>O encontro teve como objetivo apresentar as frentes de atua\u00e7\u00e3o dos \u00f3rg\u00e3os p\u00fablicos, conhecer o trabalho das entidades e alinhar esfor\u00e7os para promover parcerias e ampliar o impacto das a\u00e7\u00f5es desenvolvidas em prol da popula\u00e7\u00e3o mais vulner\u00e1vel.<\/p>\n<p>A presidente do Fundo Social, Clau Camargo, destacou que toda a atua\u00e7\u00e3o do \u00f3rg\u00e3o \u00e9 pautada em parcerias e doa\u00e7\u00f5es, o que torna a colabora\u00e7\u00e3o com a sociedade civil ainda mais fundamental. Ela apresentou os principais programas e a\u00e7\u00f5es em andamento, como os cursos de capacita\u00e7\u00e3o profissional que, nos \u00faltimos quatro anos, j\u00e1 formaram mais de 1.200 pessoas em parceria com institui\u00e7\u00f5es como Sebrae, Senai e Senac.<\/p>\n<p>Clau tamb\u00e9m falou sobre outras iniciativas importantes, como o Casamento Comunit\u00e1rio, que neste ano contemplar\u00e1 35 casais; a Campanha do Agasalho, com in\u00edcio previsto para o dia 22 de maio e meta de arrecadar mais de 60 mil pe\u00e7as; e a Loja Vale Reciclar, refer\u00eancia em todo o Estado de S\u00e3o Paulo. \u201cA nossa miss\u00e3o \u00e9 promover dignidade, autonomia e oportunidades. E s\u00f3 conseguimos fazer isso com a uni\u00e3o de for\u00e7as. Quando trabalhamos juntos, conseguimos transformar vidas de verdade\u201d, afirmou Clau.<\/p>\n<p>A secret\u00e1ria de Assist\u00eancia Social, Juliana Daniel, explicou o funcionamento dos equipamentos da pasta e refor\u00e7ou a import\u00e2ncia do trabalho em rede para garantir um atendimento mais eficiente e humanizado \u00e0 popula\u00e7\u00e3o. Ela destacou que todas as a\u00e7\u00f5es seguem as diretrizes do Sistema \u00danico de Assist\u00eancia Social (SUAS), com foco na prote\u00e7\u00e3o social e na garantia de direitos.<\/p>\n<p>Juliana tamb\u00e9m apresentou dados importantes sobre a realidade do munic\u00edpio. Atualmente, Aruj\u00e1 conta com 35.769 cadastros ativos no Cadastro \u00danico, ferramenta essencial para o acesso a programas sociais e para a formula\u00e7\u00e3o de pol\u00edticas p\u00fablicas. \u201cEsses dados s\u00e3o fundamentais para compreendermos o perfil da nossa popula\u00e7\u00e3o e pensarmos em a\u00e7\u00f5es mais assertivas. O encontro de hoje foi extremamente produtivo e refor\u00e7a a import\u00e2ncia da escuta, do di\u00e1logo e da atua\u00e7\u00e3o conjunta\u201d, disse a secret\u00e1ria.<\/p>\n<p>Entre os programas locais apresentados, destaque para o Programa Municipal de Garantia de Renda Familiar (Renda M\u00ednima), que oferece aux\u00edlio por at\u00e9 um ano a fam\u00edlias em situa\u00e7\u00e3o de vulnerabilidade social e risco. Em casos excepcionais, o benef\u00edcio pode ser prorrogado por mais 12 meses.<\/p>\n<p>Participaram do encontro representantes das seguintes entidades: Associa\u00e7\u00e3o Mulheres de Batom, Minist\u00e9rio Transbordar em Cristo, Sociedade S\u00e3o Vicente de Paula, Conselho de Pastores, Igreja Brasil para Cristo, Uni\u00e3o dos Moradores do Parque Rodrigo Barreto, Casa Esp\u00edrita Fraternidade da Luz, Instituto Gera\u00e7\u00f5es e Sociedade de Amigos Moradores e Aruj\u00e1.<\/p>\n<p>Novos equipamentos<\/p>\n<p>Durante o encontro com representantes de entidades assistenciais, o Fundo Social e a Secretaria Municipal de Assist\u00eancia Social anunciaram a implanta\u00e7\u00e3o de novos equipamentos e programas voltados ao fortalecimento da rede de atendimento \u00e0 popula\u00e7\u00e3o em situa\u00e7\u00e3o de vulnerabilidade.<\/p>\n<p>Entre as novidades est\u00e1 a cria\u00e7\u00e3o de um Centro de Forma\u00e7\u00e3o de Cursos, vinculado ao Fundo Social, que ampliar\u00e1 as oportunidades de capacita\u00e7\u00e3o profissional para os moradores do munic\u00edpio. A proposta \u00e9 oferecer novos cursos com foco na gera\u00e7\u00e3o de renda e autonomia.<\/p>\n<p>A descentraliza\u00e7\u00e3o dos servi\u00e7os tamb\u00e9m foi destacada com a implanta\u00e7\u00e3o de um novo Centro de Refer\u00eancia de Assist\u00eancia Social (CRAS), no bairro Mirante. A unidade facilitar\u00e1 o acesso da popula\u00e7\u00e3o da regi\u00e3o a servi\u00e7os de prote\u00e7\u00e3o b\u00e1sica e inclus\u00e3o social.<\/p>\n<p>Outro avan\u00e7o importante ser\u00e1 a implanta\u00e7\u00e3o do Centro POP &#8211; Centro de Refer\u00eancia Especializado para Popula\u00e7\u00e3o em Situa\u00e7\u00e3o de Rua, que oferecer\u00e1 atendimento especializado e humanizado para pessoas em situa\u00e7\u00e3o de rua, incluindo acolhimento diurno, espa\u00e7o para higiene, guarda de pertences, alimenta\u00e7\u00e3o e atividades socioeducativas.<\/p>\n<p>Tamb\u00e9m foi apresentado o Programa de Apadrinhamento Afetivo, que est\u00e1 em constru\u00e7\u00e3o, com o objetivo de fortalecer v\u00ednculos entre crian\u00e7as acolhidas e padrinhos volunt\u00e1rios, promovendo apadrinhamento afetivo, volunt\u00e1rio, de servi\u00e7os e financeiro.<\/p>\n","protected":false},"excerpt":{"rendered":"<p>Em um esfor\u00e7o para ampliar e fortalecer a rede de prote\u00e7\u00e3o social no munic\u00edpio, o Fundo Social de Solidariedade e a Secretaria Municipal de Assist\u00eancia Social de Aruj\u00e1 realizaram, nesta ter\u00e7a-feira (15), uma reuni\u00e3o com representantes de entidades que atuam no atendimento a pessoas em situa\u00e7\u00e3o de vulnerabilidade. O encontro teve como objetivo apresentar as [&hellip;]<\/p>\n","protected":false},"author":1,"featured_media":24274,"comment_status":"open","ping_status":"open","sticky":false,"template":"","format":"standard","meta":{"footnotes":""},"categories":[4],"tags":[],"class_list":{"0":"post-24273","1":"post","2":"type-post","3":"status-publish","4":"format-standard","5":"has-post-thumbnail","7":"category-aruja"},"_links":{"self":[{"href":"https:\/\/jm-metropole.com.br\/site\/wp-json\/wp\/v2\/posts\/24273","targetHints":{"allow":["GET"]}}],"collection":[{"href":"https:\/\/jm-metropole.com.br\/site\/wp-json\/wp\/v2\/posts"}],"about":[{"href":"https:\/\/jm-metropole.com.br\/site\/wp-json\/wp\/v2\/types\/post"}],"author":[{"embeddable":true,"href":"https:\/\/jm-metropole.com.br\/site\/wp-json\/wp\/v2\/users\/1"}],"replies":[{"embeddable":true,"href":"https:\/\/jm-metropole.com.br\/site\/wp-json\/wp\/v2\/comments?post=24273"}],"version-history":[{"count":1,"href":"https:\/\/jm-metropole.com.br\/site\/wp-json\/wp\/v2\/posts\/24273\/revisions"}],"predecessor-version":[{"id":24275,"href":"https:\/\/jm-metropole.com.br\/site\/wp-json\/wp\/v2\/posts\/24273\/revisions\/24275"}],"wp:featuredmedia":[{"embeddable":true,"href":"https:\/\/jm-metropole.com.br\/site\/wp-json\/wp\/v2\/media\/24274"}],"wp:attachment":[{"href":"https:\/\/jm-metropole.com.br\/site\/wp-json\/wp\/v2\/media?parent=24273"}],"wp:term":[{"taxonomy":"category","embeddable":true,"href":"https:\/\/jm-metropole.com.br\/site\/wp-json\/wp\/v2\/categories?post=24273"},{"taxonomy":"post_tag","embeddable":true,"href":"https:\/\/jm-metropole.com.br\/site\/wp-json\/wp\/v2\/tags?post=24273"}],"curies":[{"name":"wp","href":"https:\/\/api.w.org\/{rel}","templated":true}]}}