{"id":24267,"date":"2025-04-16T16:05:19","date_gmt":"2025-04-16T19:05:19","guid":{"rendered":"https:\/\/jm-metropole.com.br\/site\/?p=24267"},"modified":"2025-04-16T16:05:19","modified_gmt":"2025-04-16T19:05:19","slug":"confira-o-que-abre-e-fecha-nos-feriados-da-paixao-de-cristo-e-de-tiradentes","status":"publish","type":"post","link":"https:\/\/jm-metropole.com.br\/site\/confira-o-que-abre-e-fecha-nos-feriados-da-paixao-de-cristo-e-de-tiradentes\/","title":{"rendered":"CONFIRA O QUE ABRE E FECHA NOS FERIADOS DA PAIX\u00c3O DE CRISTO E DE TIRADENTES"},"content":{"rendered":"<p>A Prefeitura de Aruj\u00e1 e outros departamentos da Administra\u00e7\u00e3o Municipal n\u00e3o ter\u00e3o expediente na sexta (18) e na segunda-feira (21), durante os feriados da Paix\u00e3o de Cristo e de Tiradentes. O trabalho nas reparti\u00e7\u00f5es p\u00fablicas voltar\u00e1 ao normal na ter\u00e7a-feira (22), logo pela manh\u00e3.<\/p>\n<p>Na \u00e1rea da sa\u00fade, as Unidades B\u00e1sicas de Sa\u00fade (UBSs) n\u00e3o funcionar\u00e3o na sexta (18) e segunda-feira (21), mas o Pronto Atendimento Municipal (PAM) Barreto, o Pronto Atendimento (PA) Central e o Pr\u00f3-Crian\u00e7a localizado na esquina da rua Pedro de Toledo com a rua Carlos de Campos, na \u00e1rea central, atendem 24 horas.<\/p>\n<p>A rede municipal de ensino tamb\u00e9m n\u00e3o ter\u00e1 expediente nos feriados, retornando na ter\u00e7a-feira.<\/p>\n<p>As lot\u00e9ricas de Aruj\u00e1 seguem o mesmo cronograma das reparti\u00e7\u00f5es p\u00fablicas, assim como o Procon, os Bancos, a unidade dos Correios em Aruj\u00e1 e a ag\u00eancia do INSS. J\u00e1 o Poupatempo n\u00e3o ter\u00e1 expediente na sexta e nem na segunda-feira, por\u00e9m, atender\u00e1 das 9 \u00e0s 13h no s\u00e1bado (19).<\/p>\n<p>A ag\u00eancia da Sabesp n\u00e3o ter\u00e1 expediente na unidade f\u00edsica nos dias 18 e 21, tendo dispon\u00edvel 24 horas o atendimento de emerg\u00eancia pelo 0800 011 9911, retornando o funcionamento do posto no dia 22. J\u00e1 a Elektro segue o mesmo cronograma da Sabesp e, para os servi\u00e7os de emerg\u00eancia, como manuten\u00e7\u00f5es, o telefone \u00e9 o 0800 701 01 03. As feiras-livres ocorrer\u00e3o normalmente, assim como a coleta de lixo.<\/p>\n","protected":false},"excerpt":{"rendered":"<p>A Prefeitura de Aruj\u00e1 e outros departamentos da Administra\u00e7\u00e3o Municipal n\u00e3o ter\u00e3o expediente na sexta (18) e na segunda-feira (21), durante os feriados da Paix\u00e3o de Cristo e de Tiradentes. O trabalho nas reparti\u00e7\u00f5es p\u00fablicas voltar\u00e1 ao normal na ter\u00e7a-feira (22), logo pela manh\u00e3. Na \u00e1rea da sa\u00fade, as Unidades B\u00e1sicas de Sa\u00fade (UBSs) n\u00e3o [&hellip;]<\/p>\n","protected":false},"author":1,"featured_media":24268,"comment_status":"open","ping_status":"open","sticky":false,"template":"","format":"standard","meta":{"footnotes":""},"categories":[4],"tags":[],"class_list":{"0":"post-24267","1":"post","2":"type-post","3":"status-publish","4":"format-standard","5":"has-post-thumbnail","7":"category-aruja"},"_links":{"self":[{"href":"https:\/\/jm-metropole.com.br\/site\/wp-json\/wp\/v2\/posts\/24267","targetHints":{"allow":["GET"]}}],"collection":[{"href":"https:\/\/jm-metropole.com.br\/site\/wp-json\/wp\/v2\/posts"}],"about":[{"href":"https:\/\/jm-metropole.com.br\/site\/wp-json\/wp\/v2\/types\/post"}],"author":[{"embeddable":true,"href":"https:\/\/jm-metropole.com.br\/site\/wp-json\/wp\/v2\/users\/1"}],"replies":[{"embeddable":true,"href":"https:\/\/jm-metropole.com.br\/site\/wp-json\/wp\/v2\/comments?post=24267"}],"version-history":[{"count":1,"href":"https:\/\/jm-metropole.com.br\/site\/wp-json\/wp\/v2\/posts\/24267\/revisions"}],"predecessor-version":[{"id":24269,"href":"https:\/\/jm-metropole.com.br\/site\/wp-json\/wp\/v2\/posts\/24267\/revisions\/24269"}],"wp:featuredmedia":[{"embeddable":true,"href":"https:\/\/jm-metropole.com.br\/site\/wp-json\/wp\/v2\/media\/24268"}],"wp:attachment":[{"href":"https:\/\/jm-metropole.com.br\/site\/wp-json\/wp\/v2\/media?parent=24267"}],"wp:term":[{"taxonomy":"category","embeddable":true,"href":"https:\/\/jm-metropole.com.br\/site\/wp-json\/wp\/v2\/categories?post=24267"},{"taxonomy":"post_tag","embeddable":true,"href":"https:\/\/jm-metropole.com.br\/site\/wp-json\/wp\/v2\/tags?post=24267"}],"curies":[{"name":"wp","href":"https:\/\/api.w.org\/{rel}","templated":true}]}}