{"id":24258,"date":"2025-04-16T10:42:01","date_gmt":"2025-04-16T13:42:01","guid":{"rendered":"https:\/\/jm-metropole.com.br\/site\/?p=24258"},"modified":"2025-04-16T10:42:01","modified_gmt":"2025-04-16T13:42:01","slug":"guararema-realiza-iv-conferencia-municipal-da-pessoa-idosa-no-dia-25-de-abril","status":"publish","type":"post","link":"https:\/\/jm-metropole.com.br\/site\/guararema-realiza-iv-conferencia-municipal-da-pessoa-idosa-no-dia-25-de-abril\/","title":{"rendered":"Guararema realiza IV Confer\u00eancia Municipal da Pessoa Idosa no dia 25 de abril"},"content":{"rendered":"<p>Aberto ao p\u00fablico e com foco na constru\u00e7\u00e3o coletiva de ideias, evento ser\u00e1 realizado das 8h30 \u00e0s 16h30 no Centro de Conviv\u00eancia \u201cD\u00e1cio de Souza Franco\u201d<\/p>\n<p>A Prefeitura de Guararema e o Conselho Municipal da Pessoa Idosa (CMPI) promovem, no pr\u00f3ximo dia 25, a IV Confer\u00eancia Municipal da Pessoa Idosa. O evento acontece das 8h30 \u00e0s 16h30, no Centro de Conviv\u00eancia da Pessoa Idosa \u201cD\u00e1cio de Souza Franco\u201d, localizado na Rua Dr. Falc\u00e3o, 409, bairro D\u2019Ajuda.<\/p>\n<p>Com o objetivo de promover discuss\u00f5es e propostas voltadas \u00e0 garantia de direitos, qualidade de vida e pol\u00edticas p\u00fablicas para o envelhecimento ativo e saud\u00e1vel, a confer\u00eancia \u00e9 um espa\u00e7o aberto \u00e0 participa\u00e7\u00e3o dos moradores, especialistas, representantes do poder p\u00fablico, de entidades e institui\u00e7\u00f5es e da sociedade civil de forma geral.<\/p>\n<p>A programa\u00e7\u00e3o contar\u00e1 com momentos de escuta, debate e constru\u00e7\u00e3o coletiva de ideias, fortalecendo o di\u00e1logo entre os diferentes setores envolvidos no cuidado e valoriza\u00e7\u00e3o da pessoa idosa em Guararema. Mais informa\u00e7\u00f5es podem ser obtidas com o Conselho Municipal da Pessoa Idosa ou na pr\u00f3pria unidade de conviv\u00eancia.<\/p>\n","protected":false},"excerpt":{"rendered":"<p>Aberto ao p\u00fablico e com foco na constru\u00e7\u00e3o coletiva de ideias, evento ser\u00e1 realizado das 8h30 \u00e0s 16h30 no Centro de Conviv\u00eancia \u201cD\u00e1cio de Souza Franco\u201d A Prefeitura de Guararema e o Conselho Municipal da Pessoa Idosa (CMPI) promovem, no pr\u00f3ximo dia 25, a IV Confer\u00eancia Municipal da Pessoa Idosa. O evento acontece das 8h30 [&hellip;]<\/p>\n","protected":false},"author":1,"featured_media":24259,"comment_status":"open","ping_status":"open","sticky":false,"template":"","format":"standard","meta":{"footnotes":""},"categories":[8],"tags":[],"class_list":{"0":"post-24258","1":"post","2":"type-post","3":"status-publish","4":"format-standard","5":"has-post-thumbnail","7":"category-guararema"},"_links":{"self":[{"href":"https:\/\/jm-metropole.com.br\/site\/wp-json\/wp\/v2\/posts\/24258","targetHints":{"allow":["GET"]}}],"collection":[{"href":"https:\/\/jm-metropole.com.br\/site\/wp-json\/wp\/v2\/posts"}],"about":[{"href":"https:\/\/jm-metropole.com.br\/site\/wp-json\/wp\/v2\/types\/post"}],"author":[{"embeddable":true,"href":"https:\/\/jm-metropole.com.br\/site\/wp-json\/wp\/v2\/users\/1"}],"replies":[{"embeddable":true,"href":"https:\/\/jm-metropole.com.br\/site\/wp-json\/wp\/v2\/comments?post=24258"}],"version-history":[{"count":1,"href":"https:\/\/jm-metropole.com.br\/site\/wp-json\/wp\/v2\/posts\/24258\/revisions"}],"predecessor-version":[{"id":24260,"href":"https:\/\/jm-metropole.com.br\/site\/wp-json\/wp\/v2\/posts\/24258\/revisions\/24260"}],"wp:featuredmedia":[{"embeddable":true,"href":"https:\/\/jm-metropole.com.br\/site\/wp-json\/wp\/v2\/media\/24259"}],"wp:attachment":[{"href":"https:\/\/jm-metropole.com.br\/site\/wp-json\/wp\/v2\/media?parent=24258"}],"wp:term":[{"taxonomy":"category","embeddable":true,"href":"https:\/\/jm-metropole.com.br\/site\/wp-json\/wp\/v2\/categories?post=24258"},{"taxonomy":"post_tag","embeddable":true,"href":"https:\/\/jm-metropole.com.br\/site\/wp-json\/wp\/v2\/tags?post=24258"}],"curies":[{"name":"wp","href":"https:\/\/api.w.org\/{rel}","templated":true}]}}