{"id":24249,"date":"2025-04-16T10:37:52","date_gmt":"2025-04-16T13:37:52","guid":{"rendered":"https:\/\/jm-metropole.com.br\/site\/?p=24249"},"modified":"2025-04-16T10:37:52","modified_gmt":"2025-04-16T13:37:52","slug":"guaru-raizes-do-brasil","status":"publish","type":"post","link":"https:\/\/jm-metropole.com.br\/site\/guaru-raizes-do-brasil\/","title":{"rendered":"Guar\u00fa: Ra\u00edzes do Brasil"},"content":{"rendered":"<p>Uma viagem \u00e0s origens que moldam a identidade do nosso povo!<\/p>\n<p>A exposi\u00e7\u00e3o mergulha nas tradi\u00e7\u00f5es que conectam o Brasil \u00e0 sua ess\u00eancia ancestral, trazendo \u00e0 tona a for\u00e7a da natureza, da cultura e dos povos origin\u00e1rios.<\/p>\n<p>O nome da mostra faz refer\u00eancia ao antigo nome de Aruj\u00e1, \u201cGuar\u00fa\u201d, homenageando as ra\u00edzes ind\u00edgenas da cidade e convidando todos a reconectar com essa heran\u00e7a t\u00e3o rica.<\/p>\n<p>Data: 16 de abril<br \/>\nHor\u00e1rio: A partir das 15h<br \/>\nLocal: Museu Municipal de Aruj\u00e1 \u201cUmbelina Ferreira Barbosa\u201d<br \/>\nRua Major Benjamin Franco, 15 \u2013 Jardim Vit\u00f3ria (\u00e1rea central)<\/p>\n<p>Realiza\u00e7\u00e3o: Diretoria de Igualdade Racial, Secretaria de Cultura e Prefeitura de Aruj\u00e1<\/p>\n","protected":false},"excerpt":{"rendered":"<p>Uma viagem \u00e0s origens que moldam a identidade do nosso povo! A exposi\u00e7\u00e3o mergulha nas tradi\u00e7\u00f5es que conectam o Brasil \u00e0 sua ess\u00eancia ancestral, trazendo \u00e0 tona a for\u00e7a da natureza, da cultura e dos povos origin\u00e1rios. O nome da mostra faz refer\u00eancia ao antigo nome de Aruj\u00e1, \u201cGuar\u00fa\u201d, homenageando as ra\u00edzes ind\u00edgenas da cidade [&hellip;]<\/p>\n","protected":false},"author":1,"featured_media":24250,"comment_status":"open","ping_status":"open","sticky":false,"template":"","format":"standard","meta":{"footnotes":""},"categories":[4],"tags":[],"class_list":{"0":"post-24249","1":"post","2":"type-post","3":"status-publish","4":"format-standard","5":"has-post-thumbnail","7":"category-aruja"},"_links":{"self":[{"href":"https:\/\/jm-metropole.com.br\/site\/wp-json\/wp\/v2\/posts\/24249","targetHints":{"allow":["GET"]}}],"collection":[{"href":"https:\/\/jm-metropole.com.br\/site\/wp-json\/wp\/v2\/posts"}],"about":[{"href":"https:\/\/jm-metropole.com.br\/site\/wp-json\/wp\/v2\/types\/post"}],"author":[{"embeddable":true,"href":"https:\/\/jm-metropole.com.br\/site\/wp-json\/wp\/v2\/users\/1"}],"replies":[{"embeddable":true,"href":"https:\/\/jm-metropole.com.br\/site\/wp-json\/wp\/v2\/comments?post=24249"}],"version-history":[{"count":1,"href":"https:\/\/jm-metropole.com.br\/site\/wp-json\/wp\/v2\/posts\/24249\/revisions"}],"predecessor-version":[{"id":24251,"href":"https:\/\/jm-metropole.com.br\/site\/wp-json\/wp\/v2\/posts\/24249\/revisions\/24251"}],"wp:featuredmedia":[{"embeddable":true,"href":"https:\/\/jm-metropole.com.br\/site\/wp-json\/wp\/v2\/media\/24250"}],"wp:attachment":[{"href":"https:\/\/jm-metropole.com.br\/site\/wp-json\/wp\/v2\/media?parent=24249"}],"wp:term":[{"taxonomy":"category","embeddable":true,"href":"https:\/\/jm-metropole.com.br\/site\/wp-json\/wp\/v2\/categories?post=24249"},{"taxonomy":"post_tag","embeddable":true,"href":"https:\/\/jm-metropole.com.br\/site\/wp-json\/wp\/v2\/tags?post=24249"}],"curies":[{"name":"wp","href":"https:\/\/api.w.org\/{rel}","templated":true}]}}