{"id":24243,"date":"2025-04-15T16:41:00","date_gmt":"2025-04-15T19:41:00","guid":{"rendered":"https:\/\/jm-metropole.com.br\/site\/?p=24243"},"modified":"2025-04-15T16:41:51","modified_gmt":"2025-04-15T19:41:51","slug":"prf-inicia-a-operacao-semana-santa-2025-nas-rodovias-federais-paulistas","status":"publish","type":"post","link":"https:\/\/jm-metropole.com.br\/site\/prf-inicia-a-operacao-semana-santa-2025-nas-rodovias-federais-paulistas\/","title":{"rendered":"PRF inicia a Opera\u00e7\u00e3o Semana Santa 2025 nas rodovias federais paulistas"},"content":{"rendered":"<p>A Pol\u00edcia Rodovi\u00e1ria Federal (PRF) inicia, nesta quinta-feira (17), a Opera\u00e7\u00e3o Semana Santa 2025 nas oito rodovias federais do estado de S\u00e3o Paulo.<\/p>\n<p>A mobiliza\u00e7\u00e3o se estende at\u00e9 a segunda (21), com foco na redu\u00e7\u00e3o dos acidentes e no refor\u00e7o da seguran\u00e7a nas rodovias federais durante o feriado prolongado.<\/p>\n<p>Durante o per\u00edodo da opera\u00e7\u00e3o, a PRF ir\u00e1 intensificar as fiscaliza\u00e7\u00f5es nos trechos com maior risco de sinistros, priorizando condutas de risco como excesso de velocidade, ultrapassagens indevidas, uso de celular ao volante, embriaguez e transporte irregular de crian\u00e7as.<\/p>\n<p>Tamb\u00e9m ser\u00e3o refor\u00e7adas as a\u00e7\u00f5es voltadas para motociclistas e condutores de ve\u00edculos de carga e transporte de passageiros.<\/p>\n<p>Al\u00e9m da fiscaliza\u00e7\u00e3o ostensiva, a PRF realizar\u00e1 comandos educativos em pontos estrat\u00e9gicos das rodovias. As atividades incluem a\u00e7\u00f5es como o Cinema Rodovi\u00e1rio, onde s\u00e3o exibidos v\u00eddeos educativos aos ocupantes dos ve\u00edculos abordados, e palestras voltadas \u00e0 conscientiza\u00e7\u00e3o dos motoristas, especialmente sobre os comportamentos que mais causam acidentes nas estradas.<\/p>\n<p>O planejamento da opera\u00e7\u00e3o foi elaborado com base na an\u00e1lise de dados de sinistros registrados em anos anteriores. Segundo os levantamentos da PRF, cerca da metade dos acidentes graves poderiam ser evitados com maior aten\u00e7\u00e3o por parte dos condutores.<\/p>\n<p>Restri\u00e7\u00e3o de tr\u00e1fego para ve\u00edculos de carga<\/p>\n<p>Durante o per\u00edodo da opera\u00e7\u00e3o, haver\u00e1 restri\u00e7\u00e3o de tr\u00e1fego para ve\u00edculos de carga com dimens\u00f5es excedentes em rodovias federais de pista simples, como \u00e9 o caso da BR 153, nos trechos de Mar\u00edlia e S\u00e3o Jos\u00e9 do Rio Preto, BR 101, no trecho de Ubatuba, e BR 459, no trecho de Lorena.<br \/>\nA medida visa garantir maior fluidez ao tr\u00e2nsito e mais seguran\u00e7a para todos os usu\u00e1rios das rodovias.<\/p>\n<p>Confira os dias e hor\u00e1rios das restri\u00e7\u00f5es:<\/p>\n<p>Quinta-feira (17\/04): das 16h \u00e0s 22h<br \/>\nSexta-feira (18\/04): das 06h \u00e0s 12h<br \/>\nSegunda-feira (21\/04): das 16h \u00e0s 22h<br \/>\nA restri\u00e7\u00e3o se aplica a ve\u00edculos ou combina\u00e7\u00f5es de ve\u00edculos, pass\u00edveis ou n\u00e3o de autoriza\u00e7\u00e3o especial de tr\u00e2nsito (AET) ou autoriza\u00e7\u00e3o espec\u00edfica (AE), cujo peso ou dimens\u00f5es excedam qualquer um dos seguintes limites:<\/p>\n<p>2,6 m de largura<br \/>\n4,4 m de altura<br \/>\n19,8 m de comprimento<br \/>\n58,5 toneladas de PBTC<br \/>\nO descumprimento da norma constitui infra\u00e7\u00e3o de tr\u00e2nsito e est\u00e1 sujeito \u00e0 multa e reten\u00e7\u00e3o do ve\u00edculo.<\/p>\n<p>Dicas de seguran\u00e7a para quem vai pegar a estrada<\/p>\n<p>A PRF orienta os motoristas a seguirem algumas recomenda\u00e7\u00f5es para tornar a viagem mais segura:<\/p>\n<p>\u2705 Revise o ve\u00edculo antes de viajar: pneus, freios, sistema el\u00e9trico, \u00f3leo e itens obrigat\u00f3rios devem estar em boas condi\u00e7\u00f5es;<\/p>\n<p>\u2705 Planeje a viagem e evite os hor\u00e1rios de maior fluxo;<\/p>\n<p>\u2705 Respeite a sinaliza\u00e7\u00e3o e os limites de velocidade;<\/p>\n<p>\u2705 Jamais dirija sob efeito de \u00e1lcool ou subst\u00e2ncias psicoativas;<\/p>\n<p>\u2705 Utilize o cinto de seguran\u00e7a em todos os assentos e dispositivos de reten\u00e7\u00e3o adequados para crian\u00e7as;<\/p>\n<p>\u2705 Evite ultrapassagens em local proibido e mantenha dist\u00e2ncia segura do ve\u00edculo \u00e0 frente;<\/p>\n<p>\u2705 Descanse bem antes de dirigir e, se necess\u00e1rio, fa\u00e7a pausas regulares durante o trajeto.<\/p>\n<p>A PRF estar\u00e1 presente em pontos estrat\u00e9gicos para garantir que o feriado seja mais seguro para todos os que trafegam pelas rodovias federais e pode ser acionada para emerg\u00eancias pelo telefone 191.<\/p>\n","protected":false},"excerpt":{"rendered":"<p>A Pol\u00edcia Rodovi\u00e1ria Federal (PRF) inicia, nesta quinta-feira (17), a Opera\u00e7\u00e3o Semana Santa 2025 nas oito rodovias federais do estado de S\u00e3o Paulo. A mobiliza\u00e7\u00e3o se estende at\u00e9 a segunda (21), com foco na redu\u00e7\u00e3o dos acidentes e no refor\u00e7o da seguran\u00e7a nas rodovias federais durante o feriado prolongado. Durante o per\u00edodo da opera\u00e7\u00e3o, a [&hellip;]<\/p>\n","protected":false},"author":1,"featured_media":24244,"comment_status":"open","ping_status":"open","sticky":false,"template":"","format":"standard","meta":{"footnotes":""},"categories":[1],"tags":[],"class_list":{"0":"post-24243","1":"post","2":"type-post","3":"status-publish","4":"format-standard","5":"has-post-thumbnail","7":"category-tudo"},"_links":{"self":[{"href":"https:\/\/jm-metropole.com.br\/site\/wp-json\/wp\/v2\/posts\/24243","targetHints":{"allow":["GET"]}}],"collection":[{"href":"https:\/\/jm-metropole.com.br\/site\/wp-json\/wp\/v2\/posts"}],"about":[{"href":"https:\/\/jm-metropole.com.br\/site\/wp-json\/wp\/v2\/types\/post"}],"author":[{"embeddable":true,"href":"https:\/\/jm-metropole.com.br\/site\/wp-json\/wp\/v2\/users\/1"}],"replies":[{"embeddable":true,"href":"https:\/\/jm-metropole.com.br\/site\/wp-json\/wp\/v2\/comments?post=24243"}],"version-history":[{"count":1,"href":"https:\/\/jm-metropole.com.br\/site\/wp-json\/wp\/v2\/posts\/24243\/revisions"}],"predecessor-version":[{"id":24245,"href":"https:\/\/jm-metropole.com.br\/site\/wp-json\/wp\/v2\/posts\/24243\/revisions\/24245"}],"wp:featuredmedia":[{"embeddable":true,"href":"https:\/\/jm-metropole.com.br\/site\/wp-json\/wp\/v2\/media\/24244"}],"wp:attachment":[{"href":"https:\/\/jm-metropole.com.br\/site\/wp-json\/wp\/v2\/media?parent=24243"}],"wp:term":[{"taxonomy":"category","embeddable":true,"href":"https:\/\/jm-metropole.com.br\/site\/wp-json\/wp\/v2\/categories?post=24243"},{"taxonomy":"post_tag","embeddable":true,"href":"https:\/\/jm-metropole.com.br\/site\/wp-json\/wp\/v2\/tags?post=24243"}],"curies":[{"name":"wp","href":"https:\/\/api.w.org\/{rel}","templated":true}]}}