{"id":24237,"date":"2025-04-15T16:10:12","date_gmt":"2025-04-15T19:10:12","guid":{"rendered":"https:\/\/jm-metropole.com.br\/site\/?p=24237"},"modified":"2025-04-15T16:10:12","modified_gmt":"2025-04-15T19:10:12","slug":"cine-bento-segue-com-exibicoes-gratuitas-em-celebracao-ao-mes-dos-povos-indigenas","status":"publish","type":"post","link":"https:\/\/jm-metropole.com.br\/site\/cine-bento-segue-com-exibicoes-gratuitas-em-celebracao-ao-mes-dos-povos-indigenas\/","title":{"rendered":"Cine Bento segue com exibi\u00e7\u00f5es gratuitas em celebra\u00e7\u00e3o ao m\u00eas dos povos ind\u00edgenas"},"content":{"rendered":"<p>Tupinamb\u00e1 subiu a Serra \u00e9 o nome do filme a ser exibido gratuitamente pelo Cine Bento na pr\u00f3xima ter\u00e7a-feira (22), \u00e0s 19h30, no Teatro Padre Bento, no Jardim Tranquilidade. Essa edi\u00e7\u00e3o homenageia o dia dos povos ind\u00edgenas, comemorado no dia 19 de abril, e objetiva celebrar a diversidade das hist\u00f3rias e das culturas desses povos.<\/p>\n<p>Dirigido e roteirizado por Daniel Neves e M\u00e1rio Cabral, a pel\u00edcula traz uma entrevista com Cas\u00e9 Angatu Xucuru Tupinamb\u00e1, ind\u00edgena e morador no territ\u00f3rio ind\u00edgena Tupinamb\u00e1 de Oliven\u00e7a, em Ilh\u00e9us (BA).<\/p>\n<p>No filme, Cas\u00e9 Angatu conta a hist\u00f3ria de que os portugueses chegaram no Brasil e dizimaram um povo chamado tupinamb\u00e1. \u201cEsse povo, dizem, foi totalmente eliminado, restando apenas documentos que descrevem seus costumes. O que os historiadores n\u00e3o contavam \u00e9 que os tupinamb\u00e1s subiram a serra, embrenhando-se na mata e fugindo da persegui\u00e7\u00e3o colonial\u201d.<\/p>\n<p>Atualmente, na luta pela demarca\u00e7\u00e3o da terra de Oliven\u00e7a, na Bahia, os tupinamb\u00e1s lutam pelo reconhecimento \u00e9tnico e territorial.<\/p>\n<p>Servi\u00e7o<\/p>\n<p>O Teatro Padre Bento fica na rua Francisco Foot, 3, no Jardim Tranquilidade \u2013 Guarulhos\/SP.<\/p>\n<p>Foto: Reprodu\u00e7\u00e3o do YouTube<\/p>\n","protected":false},"excerpt":{"rendered":"<p>Tupinamb\u00e1 subiu a Serra \u00e9 o nome do filme a ser exibido gratuitamente pelo Cine Bento na pr\u00f3xima ter\u00e7a-feira (22), \u00e0s 19h30, no Teatro Padre Bento, no Jardim Tranquilidade. Essa edi\u00e7\u00e3o homenageia o dia dos povos ind\u00edgenas, comemorado no dia 19 de abril, e objetiva celebrar a diversidade das hist\u00f3rias e das culturas desses povos. [&hellip;]<\/p>\n","protected":false},"author":1,"featured_media":24238,"comment_status":"open","ping_status":"open","sticky":false,"template":"","format":"standard","meta":{"footnotes":""},"categories":[3],"tags":[],"class_list":{"0":"post-24237","1":"post","2":"type-post","3":"status-publish","4":"format-standard","5":"has-post-thumbnail","7":"category-guarulhos"},"_links":{"self":[{"href":"https:\/\/jm-metropole.com.br\/site\/wp-json\/wp\/v2\/posts\/24237","targetHints":{"allow":["GET"]}}],"collection":[{"href":"https:\/\/jm-metropole.com.br\/site\/wp-json\/wp\/v2\/posts"}],"about":[{"href":"https:\/\/jm-metropole.com.br\/site\/wp-json\/wp\/v2\/types\/post"}],"author":[{"embeddable":true,"href":"https:\/\/jm-metropole.com.br\/site\/wp-json\/wp\/v2\/users\/1"}],"replies":[{"embeddable":true,"href":"https:\/\/jm-metropole.com.br\/site\/wp-json\/wp\/v2\/comments?post=24237"}],"version-history":[{"count":1,"href":"https:\/\/jm-metropole.com.br\/site\/wp-json\/wp\/v2\/posts\/24237\/revisions"}],"predecessor-version":[{"id":24239,"href":"https:\/\/jm-metropole.com.br\/site\/wp-json\/wp\/v2\/posts\/24237\/revisions\/24239"}],"wp:featuredmedia":[{"embeddable":true,"href":"https:\/\/jm-metropole.com.br\/site\/wp-json\/wp\/v2\/media\/24238"}],"wp:attachment":[{"href":"https:\/\/jm-metropole.com.br\/site\/wp-json\/wp\/v2\/media?parent=24237"}],"wp:term":[{"taxonomy":"category","embeddable":true,"href":"https:\/\/jm-metropole.com.br\/site\/wp-json\/wp\/v2\/categories?post=24237"},{"taxonomy":"post_tag","embeddable":true,"href":"https:\/\/jm-metropole.com.br\/site\/wp-json\/wp\/v2\/tags?post=24237"}],"curies":[{"name":"wp","href":"https:\/\/api.w.org\/{rel}","templated":true}]}}