{"id":24228,"date":"2025-04-15T11:45:51","date_gmt":"2025-04-15T14:45:51","guid":{"rendered":"https:\/\/jm-metropole.com.br\/site\/?p=24228"},"modified":"2025-04-15T11:45:51","modified_gmt":"2025-04-15T14:45:51","slug":"obras-de-saneamento-avancam-em-aruja-e-no-2-semestre-contemplarao-17-bairros-em-beneficio-de-11-mil-pessoas","status":"publish","type":"post","link":"https:\/\/jm-metropole.com.br\/site\/obras-de-saneamento-avancam-em-aruja-e-no-2-semestre-contemplarao-17-bairros-em-beneficio-de-11-mil-pessoas\/","title":{"rendered":"Obras de saneamento avan\u00e7am em Aruj\u00e1 e no 2\u00b0 semestre contemplar\u00e3o 17 bairros em benef\u00edcio de 11 mil pessoas"},"content":{"rendered":"<p>Em reuni\u00e3o ocorrida no Pa\u00e7o Municipal, nesta segunda-feira (14), o prefeito Luis Camargo, acompanhado do vice-prefeito Rodolfo Machado e do secret\u00e1rio de Planejamento municipal, Marco Valdanha, recebeu representantes da Sabesp para a discuss\u00e3o de demandas enviadas para a institui\u00e7\u00e3o, bem como a apresenta\u00e7\u00e3o de metas a serem cumpridas no curto prazo.<\/p>\n<p>Com isso, a expectativa \u00e9 beneficiar cerca de 11 mil pessoas em 17 bairros da cidade, tendo como exemplo o bairro Limoeiro, que ter\u00e1 852 unidades de consumo atendidas pela rede p\u00fablica de \u00e1gua e esgotamento sanit\u00e1rio. Tamb\u00e9m est\u00e3o previstas no pacote obras de esgotamento sanit\u00e1rio no Arujamerica, Aruj\u00e1 Country Club, Aruj\u00e1 5, Arujazinho I, Arujazinho IV, Centro, Centro Industrial, Cidade Nova Aruj\u00e1, Jardim Leika, Jardim Real, Jardim Rinc\u00e3o, Jordan\u00f3polis, Parque Nossa Senhora do Carmo, Parque Rodrigo Barreto, Real Park e Verdes Lagos. As obras nesses 17 bairros, incluindo o Limoeiro, come\u00e7am no 2\u00b0 semestre deste ano.<\/p>\n<p>A Prefeitura de Aruj\u00e1, em parceria com a Sabesp, est\u00e1 trabalhando para alcan\u00e7ar 100% da universaliza\u00e7\u00e3o do saneamento b\u00e1sico na cidade at\u00e9 2029. Essa meta visa garantir que todos os habitantes tenham acesso a \u00e1gua pot\u00e1vel e tratamento de esgoto, melhorando significativamente a qualidade de vida da popula\u00e7\u00e3o.<\/p>\n<p>Para atingir esse objetivo, a Sabesp estima um investimento m\u00ednimo de R$ 986 milh\u00f5es em Aruj\u00e1. Esse investimento contemplar\u00e1 n\u00e3o apenas \u00e1reas urbanas, mas tamb\u00e9m zonas rurais e \u00e1reas &#8220;irregulares&#8221; (que est\u00e3o passando por processo de regulariza\u00e7\u00e3o), pois at\u00e9 2029, o compromisso \u00e9 de 100% de \u00e1gua e esgoto em toda a cidade, inclusive na zona rural.<\/p>\n<p>Atualmente, a Sabesp tem 13 projetos em andamento em Aruj\u00e1, com foco em melhorar a infraestrutura de saneamento b\u00e1sico. Al\u00e9m disso, a empresa realizar\u00e1 um censo para identificar regi\u00f5es de dif\u00edcil acesso e desenvolver solu\u00e7\u00f5es espec\u00edficas para essas \u00e1reas, como po\u00e7os de \u00e1gua e liga\u00e7\u00f5es \u00e0 rede, por exemplo.<\/p>\n<p>A Sabesp tamb\u00e9m prestou contas sobre os dez of\u00edcios apresentados pelo prefeito Luis Camargo, que incluem estudos de viabilidade e expans\u00e3o de \u00e1gua para localidades espec\u00edficas. Esses pedidos devem ser atendidos dentro dos pr\u00f3ximos 12 meses, beneficiando n\u00facleos como Jo\u00e3o Nobrega, Fazenda Velha, S\u00e3o Domingos e Granjas Urup\u00eas, entre outros.<\/p>\n<p>Outro ponto abordado durante a reuni\u00e3o foi o investimento por habitante na cidade, que aumentou, significativamente, ap\u00f3s a privatiza\u00e7\u00e3o da Sabesp, passando de R$ 335 para R$ 470 por habitante ao ano. Esse aumento reflete o compromisso da empresa em melhorar os servi\u00e7os de saneamento b\u00e1sico na cidade.<\/p>\n<p>Com esses esfor\u00e7os conjuntos, Aruj\u00e1 est\u00e1 no caminho certo para alcan\u00e7ar a universaliza\u00e7\u00e3o do saneamento b\u00e1sico, at\u00e9 2029, e promover uma melhora substancial na qualidade de vida da popula\u00e7\u00e3o.<\/p>\n","protected":false},"excerpt":{"rendered":"<p>Em reuni\u00e3o ocorrida no Pa\u00e7o Municipal, nesta segunda-feira (14), o prefeito Luis Camargo, acompanhado do vice-prefeito Rodolfo Machado e do secret\u00e1rio de Planejamento municipal, Marco Valdanha, recebeu representantes da Sabesp para a discuss\u00e3o de demandas enviadas para a institui\u00e7\u00e3o, bem como a apresenta\u00e7\u00e3o de metas a serem cumpridas no curto prazo. Com isso, a expectativa [&hellip;]<\/p>\n","protected":false},"author":1,"featured_media":24229,"comment_status":"open","ping_status":"open","sticky":false,"template":"","format":"standard","meta":{"footnotes":""},"categories":[4],"tags":[],"class_list":{"0":"post-24228","1":"post","2":"type-post","3":"status-publish","4":"format-standard","5":"has-post-thumbnail","7":"category-aruja"},"_links":{"self":[{"href":"https:\/\/jm-metropole.com.br\/site\/wp-json\/wp\/v2\/posts\/24228","targetHints":{"allow":["GET"]}}],"collection":[{"href":"https:\/\/jm-metropole.com.br\/site\/wp-json\/wp\/v2\/posts"}],"about":[{"href":"https:\/\/jm-metropole.com.br\/site\/wp-json\/wp\/v2\/types\/post"}],"author":[{"embeddable":true,"href":"https:\/\/jm-metropole.com.br\/site\/wp-json\/wp\/v2\/users\/1"}],"replies":[{"embeddable":true,"href":"https:\/\/jm-metropole.com.br\/site\/wp-json\/wp\/v2\/comments?post=24228"}],"version-history":[{"count":1,"href":"https:\/\/jm-metropole.com.br\/site\/wp-json\/wp\/v2\/posts\/24228\/revisions"}],"predecessor-version":[{"id":24230,"href":"https:\/\/jm-metropole.com.br\/site\/wp-json\/wp\/v2\/posts\/24228\/revisions\/24230"}],"wp:featuredmedia":[{"embeddable":true,"href":"https:\/\/jm-metropole.com.br\/site\/wp-json\/wp\/v2\/media\/24229"}],"wp:attachment":[{"href":"https:\/\/jm-metropole.com.br\/site\/wp-json\/wp\/v2\/media?parent=24228"}],"wp:term":[{"taxonomy":"category","embeddable":true,"href":"https:\/\/jm-metropole.com.br\/site\/wp-json\/wp\/v2\/categories?post=24228"},{"taxonomy":"post_tag","embeddable":true,"href":"https:\/\/jm-metropole.com.br\/site\/wp-json\/wp\/v2\/tags?post=24228"}],"curies":[{"name":"wp","href":"https:\/\/api.w.org\/{rel}","templated":true}]}}