{"id":24225,"date":"2025-04-15T11:36:40","date_gmt":"2025-04-15T14:36:40","guid":{"rendered":"https:\/\/jm-metropole.com.br\/site\/?p=24225"},"modified":"2025-04-15T11:36:40","modified_gmt":"2025-04-15T14:36:40","slug":"prefeitura-convida-a-populacao-para-se-vacinar-contra-a-influenza","status":"publish","type":"post","link":"https:\/\/jm-metropole.com.br\/site\/prefeitura-convida-a-populacao-para-se-vacinar-contra-a-influenza\/","title":{"rendered":"Prefeitura convida a popula\u00e7\u00e3o para se vacinar contra a Influenza"},"content":{"rendered":"<p>A Prefeitura de Santa Isabel, por meio da Secretaria de Sa\u00fade, convida toda a popula\u00e7\u00e3o que faz parte dos grupos priorit\u00e1rios a participar da Campanha de Vacina\u00e7\u00e3o contra a Influenza, iniciada no \u00faltimo dia 7 de abril. O objetivo \u00e9 garantir a prote\u00e7\u00e3o da popula\u00e7\u00e3o mais vulner\u00e1vel antes da chegada do inverno.<\/p>\n<p>Est\u00e3o aptos a receber a vacina:<br \/>\n&#8211; Crian\u00e7as de 6 meses a 5 anos de idade<br \/>\n&#8211; Gestantes<br \/>\n&#8211; Pu\u00e9rperas (m\u00e3es que tiveram beb\u00eas recentemente)<br \/>\n&#8211; Idosos<br \/>\n&#8211; Profissionais da sa\u00fade<br \/>\n&#8211; Profissionais da educa\u00e7\u00e3o<br \/>\n&#8211; Caminhoneiros<br \/>\n&#8211; Motoristas de \u00f4nibus<br \/>\n&#8211; Policiais<br \/>\n&#8211; Bombeiros<br \/>\n&#8211; Profissionais dos Correios<\/p>\n<p>A vacina est\u00e1 dispon\u00edvel em todas as Unidades B\u00e1sicas de Sa\u00fade (UBSs) do munic\u00edpio. Para atender \u00e0queles que n\u00e3o conseguem comparecer durante o hor\u00e1rio de atendimento, a UBS I do bairro Brotas est\u00e1 funcionando em hor\u00e1rio estendido, at\u00e9 \u00e0s 19h.<\/p>\n<p>At\u00e9 o momento, j\u00e1 foram aplicadas 1.630 doses, o que representa 16% de cobertura vacinal do p\u00fablico-alvo. A meta da Secretaria de Sa\u00fade \u00e9 imunizar 90% do p\u00fablico priorit\u00e1rio at\u00e9 o fim do inverno.<\/p>\n<p>Para facilitar o acesso, a vacina\u00e7\u00e3o m\u00f3vel ser\u00e1 realizada nos seguintes dias e locais:<br \/>\n&#8211; 26 de abril e 3 de maio, das 9h \u00e0s 16h, na Pra\u00e7a Fernando Lopes (Galeria).<\/p>\n<p>Para o p\u00fablico infantil, \u00e9 obrigat\u00f3ria a apresenta\u00e7\u00e3o da carteirinha de vacina\u00e7\u00e3o. Todos os demais devem apresentar um documento oficial com foto.<\/p>\n<p>O secret\u00e1rio de Sa\u00fade, Felipe Nabil, refor\u00e7a a import\u00e2ncia da vacina\u00e7\u00e3o:<br \/>\n\u201c\u00c9 de extrema import\u00e2ncia que os pais e respons\u00e1veis levem as crian\u00e7as para a vacina\u00e7\u00e3o, e que todos aqueles que fazem parte do p\u00fablico-alvo se imunizem. As mudan\u00e7as clim\u00e1ticas frequentes nos deixam ainda mais vulner\u00e1veis \u00e0 influenza.\u201d<\/p>\n<p>A vacina \u00e9 segura, gratuita e fundamental para prevenir complica\u00e7\u00f5es da gripe. Participe da campanha e proteja quem voc\u00ea ama!<\/p>\n","protected":false},"excerpt":{"rendered":"<p>A Prefeitura de Santa Isabel, por meio da Secretaria de Sa\u00fade, convida toda a popula\u00e7\u00e3o que faz parte dos grupos priorit\u00e1rios a participar da Campanha de Vacina\u00e7\u00e3o contra a Influenza, iniciada no \u00faltimo dia 7 de abril. O objetivo \u00e9 garantir a prote\u00e7\u00e3o da popula\u00e7\u00e3o mais vulner\u00e1vel antes da chegada do inverno. Est\u00e3o aptos a [&hellip;]<\/p>\n","protected":false},"author":1,"featured_media":24226,"comment_status":"open","ping_status":"open","sticky":false,"template":"","format":"standard","meta":{"footnotes":""},"categories":[5],"tags":[],"class_list":{"0":"post-24225","1":"post","2":"type-post","3":"status-publish","4":"format-standard","5":"has-post-thumbnail","7":"category-santa-isabel"},"_links":{"self":[{"href":"https:\/\/jm-metropole.com.br\/site\/wp-json\/wp\/v2\/posts\/24225","targetHints":{"allow":["GET"]}}],"collection":[{"href":"https:\/\/jm-metropole.com.br\/site\/wp-json\/wp\/v2\/posts"}],"about":[{"href":"https:\/\/jm-metropole.com.br\/site\/wp-json\/wp\/v2\/types\/post"}],"author":[{"embeddable":true,"href":"https:\/\/jm-metropole.com.br\/site\/wp-json\/wp\/v2\/users\/1"}],"replies":[{"embeddable":true,"href":"https:\/\/jm-metropole.com.br\/site\/wp-json\/wp\/v2\/comments?post=24225"}],"version-history":[{"count":1,"href":"https:\/\/jm-metropole.com.br\/site\/wp-json\/wp\/v2\/posts\/24225\/revisions"}],"predecessor-version":[{"id":24227,"href":"https:\/\/jm-metropole.com.br\/site\/wp-json\/wp\/v2\/posts\/24225\/revisions\/24227"}],"wp:featuredmedia":[{"embeddable":true,"href":"https:\/\/jm-metropole.com.br\/site\/wp-json\/wp\/v2\/media\/24226"}],"wp:attachment":[{"href":"https:\/\/jm-metropole.com.br\/site\/wp-json\/wp\/v2\/media?parent=24225"}],"wp:term":[{"taxonomy":"category","embeddable":true,"href":"https:\/\/jm-metropole.com.br\/site\/wp-json\/wp\/v2\/categories?post=24225"},{"taxonomy":"post_tag","embeddable":true,"href":"https:\/\/jm-metropole.com.br\/site\/wp-json\/wp\/v2\/tags?post=24225"}],"curies":[{"name":"wp","href":"https:\/\/api.w.org\/{rel}","templated":true}]}}