{"id":24222,"date":"2025-04-15T11:35:48","date_gmt":"2025-04-15T14:35:48","guid":{"rendered":"https:\/\/jm-metropole.com.br\/site\/?p=24222"},"modified":"2025-04-15T11:35:48","modified_gmt":"2025-04-15T14:35:48","slug":"veja-o-que-abre-e-o-que-fecha-nos-feriados-da-semana-santa-e-tiradentes-em-itaqua","status":"publish","type":"post","link":"https:\/\/jm-metropole.com.br\/site\/veja-o-que-abre-e-o-que-fecha-nos-feriados-da-semana-santa-e-tiradentes-em-itaqua\/","title":{"rendered":"Veja o que abre e o que fecha nos feriados da Semana Santa e Tiradentes em Itaqu\u00e1"},"content":{"rendered":"<p>Servi\u00e7os essenciais ser\u00e3o mantidos<\/p>\n<p>A Prefeitura de Itaquaquecetuba n\u00e3o ter\u00e1 expediente administrativo nesta Quinta-Feira Santa (17), ponto facultativo, e nos feriados de Sexta-Feira da Paix\u00e3o (18) e Tiradentes (21).<\/p>\n<p>O atendimento dos servi\u00e7os essenciais em unidades de urg\u00eancia e emerg\u00eancia (CS 24h, CSI e UPA), SAMU, ambul\u00e2ncias, coleta de lixo, Defesa Civil, GCM e cemit\u00e9rios ser\u00e3o mantidos. O expediente nas reparti\u00e7\u00f5es p\u00fablicas municipais retorna na ter\u00e7a (22).<\/p>\n<p>As feiras livres v\u00e3o funcionar normalmente, bem como o Parque Ecol\u00f3gico Mario do Canto, que vai abrir todos os dias, das 7h \u00e0s 17h. Os ecopontos e o programa Itaqu\u00e1 Recicla v\u00e3o funcionar nesta quinta (17), das 8h \u00e0s 17h, e fecham na sexta e na segunda. J\u00e1 a coleta seletiva vai operar normalmente.<\/p>\n<p>A tradicional encena\u00e7\u00e3o da Paix\u00e3o de Cristo acontecer\u00e1 nesta sexta (18), \u00e0s 18h, na pra\u00e7a Padre Jo\u00e3o \u00c1lvares, no Centro, em frente \u00e0 Igreja Nossa Senhora D\u2019Ajuda. Na \u00e1rea central, haver\u00e1 interdi\u00e7\u00e3o nas ruas Capit\u00e3o Jos\u00e9 Leite e Sebasti\u00e3o Ferreira dos Santos, al\u00e9m da avenida Emancipa\u00e7\u00e3o (sentido Centro) das 17h \u00e0s 20h30.<\/p>\n<p>O Bom Prato vai oferecer, na quinta (17), um card\u00e1pio especial de almo\u00e7o para comemorar a P\u00e1scoa. A refei\u00e7\u00e3o ser\u00e1 servida a partir das 10h30, atendendo preferencialmente aos idosos, e \u00e0s 11h o p\u00fablico em geral.<\/p>\n<p>O almo\u00e7o contar\u00e1 com iscas de peixe, macarr\u00e3o com br\u00f3colis, salada e p\u00e3o de mel de sobremesa, sendo oferecido a R$ 1. A unidade est\u00e1 localizada na rua Padre Anchieta, 78 &#8211; Centro. Nos demais dias o restaurante estar\u00e1 fechado.<\/p>\n<p>A GCM ter\u00e1 refor\u00e7o no policiamento preventivo nos centros comerciais da cidade e apoio nas principais vias de acesso. Solicita\u00e7\u00f5es devem ser feitas via 153 ou (11) 4753-1108. A Defesa Civil deve ser acionada para emerg\u00eancias pelo 199 e para d\u00favidas pelo (11) 4642-4499.<\/p>\n<p>Foto: Dayane Oliveira<\/p>\n","protected":false},"excerpt":{"rendered":"<p>Servi\u00e7os essenciais ser\u00e3o mantidos A Prefeitura de Itaquaquecetuba n\u00e3o ter\u00e1 expediente administrativo nesta Quinta-Feira Santa (17), ponto facultativo, e nos feriados de Sexta-Feira da Paix\u00e3o (18) e Tiradentes (21). O atendimento dos servi\u00e7os essenciais em unidades de urg\u00eancia e emerg\u00eancia (CS 24h, CSI e UPA), SAMU, ambul\u00e2ncias, coleta de lixo, Defesa Civil, GCM e cemit\u00e9rios [&hellip;]<\/p>\n","protected":false},"author":1,"featured_media":24223,"comment_status":"open","ping_status":"open","sticky":false,"template":"","format":"standard","meta":{"footnotes":""},"categories":[6],"tags":[],"class_list":{"0":"post-24222","1":"post","2":"type-post","3":"status-publish","4":"format-standard","5":"has-post-thumbnail","7":"category-itaqua"},"_links":{"self":[{"href":"https:\/\/jm-metropole.com.br\/site\/wp-json\/wp\/v2\/posts\/24222","targetHints":{"allow":["GET"]}}],"collection":[{"href":"https:\/\/jm-metropole.com.br\/site\/wp-json\/wp\/v2\/posts"}],"about":[{"href":"https:\/\/jm-metropole.com.br\/site\/wp-json\/wp\/v2\/types\/post"}],"author":[{"embeddable":true,"href":"https:\/\/jm-metropole.com.br\/site\/wp-json\/wp\/v2\/users\/1"}],"replies":[{"embeddable":true,"href":"https:\/\/jm-metropole.com.br\/site\/wp-json\/wp\/v2\/comments?post=24222"}],"version-history":[{"count":1,"href":"https:\/\/jm-metropole.com.br\/site\/wp-json\/wp\/v2\/posts\/24222\/revisions"}],"predecessor-version":[{"id":24224,"href":"https:\/\/jm-metropole.com.br\/site\/wp-json\/wp\/v2\/posts\/24222\/revisions\/24224"}],"wp:featuredmedia":[{"embeddable":true,"href":"https:\/\/jm-metropole.com.br\/site\/wp-json\/wp\/v2\/media\/24223"}],"wp:attachment":[{"href":"https:\/\/jm-metropole.com.br\/site\/wp-json\/wp\/v2\/media?parent=24222"}],"wp:term":[{"taxonomy":"category","embeddable":true,"href":"https:\/\/jm-metropole.com.br\/site\/wp-json\/wp\/v2\/categories?post=24222"},{"taxonomy":"post_tag","embeddable":true,"href":"https:\/\/jm-metropole.com.br\/site\/wp-json\/wp\/v2\/tags?post=24222"}],"curies":[{"name":"wp","href":"https:\/\/api.w.org\/{rel}","templated":true}]}}