{"id":24043,"date":"2025-04-08T11:05:53","date_gmt":"2025-04-08T14:05:53","guid":{"rendered":"https:\/\/jm-metropole.com.br\/site\/?p=24043"},"modified":"2025-04-08T11:05:53","modified_gmt":"2025-04-08T14:05:53","slug":"mais-de-3-mil-atendimentos-marcam-fim-de-semana-de-vacinacao-intensiva-em-guarulhos","status":"publish","type":"post","link":"https:\/\/jm-metropole.com.br\/site\/mais-de-3-mil-atendimentos-marcam-fim-de-semana-de-vacinacao-intensiva-em-guarulhos\/","title":{"rendered":"Mais de 3 mil atendimentos marcam fim de semana de vacina\u00e7\u00e3o intensiva em Guarulhos"},"content":{"rendered":"<p>A Prefeitura de Guarulhos intensificou a vacina\u00e7\u00e3o contra a febre amarela e a gripe no \u00faltimo fim de semana com uma for\u00e7a-tarefa que levou os servi\u00e7os de imuniza\u00e7\u00e3o a diferentes pontos da cidade. A a\u00e7\u00e3o contou com a abertura da Unidade B\u00e1sica de Sa\u00fade (UBS) Jardim Ac\u00e1cio no s\u00e1bado (5), por meio do programa Sa\u00fade Toda Hora, e atividades extramuros realizadas em supermercados das quatro regionais de sa\u00fade (Centro, Cantareira, S\u00e3o Jo\u00e3o\/ Bonsucesso e Pimentas \/ Cumbica), durante s\u00e1bado e domingo. Ao todo, foram realizados 3.509 atendimentos.<\/p>\n<p>Com o apoio das equipes das regionais de sa\u00fade, a vacina\u00e7\u00e3o foi ofertada nos supermercados Assa\u00ed (Regi\u00e3o I), Sonda (Regi\u00e3o II) e Nagumo (Regi\u00f5es III e IV), onde foram avaliadas 1.584 carteirinhas de vacina\u00e7\u00e3o e aplicadas 458 doses da vacina contra a febre amarela em pessoas ainda n\u00e3o imunizadas. Tamb\u00e9m foram realizadas 73 orienta\u00e7\u00f5es para avalia\u00e7\u00f5es m\u00e9dicas para verificar a aptid\u00e3o \u00e0 imuniza\u00e7\u00e3o, al\u00e9m de 79 visitas casa a casa realizadas pela UBS.<\/p>\n<p>A campanha contra a gripe, que teve in\u00edcio na \u00faltima quarta-feira (2), tamb\u00e9m foi intensificada nos dois dias de a\u00e7\u00e3o, resultando na aplica\u00e7\u00e3o de 1.315 doses destinadas a crian\u00e7as de 6 meses a menores de 6 anos, gestantes, idosos com 60 anos ou mais e demais grupos priorit\u00e1rios.<\/p>\n<p>Tanto a febre amarela quanto a gripe s\u00e3o doen\u00e7as que podem evoluir com gravidade, mas que podem ser evitadas com a vacina\u00e7\u00e3o. A Prefeitura refor\u00e7a a import\u00e2ncia de manter a carteira de vacina\u00e7\u00e3o atualizada e convida a popula\u00e7\u00e3o a procurar a UBS mais pr\u00f3xima para se proteger. As vacinas seguem dispon\u00edveis gratuitamente durante a semana em todas as unidades b\u00e1sicas de sa\u00fade da cidade, com exce\u00e7\u00e3o das UBS Morros e Mari\u00f3polis, que est\u00e3o em reforma.<\/p>\n<p>Balan\u00e7o de outros servi\u00e7os<\/p>\n<p>Al\u00e9m da vacina\u00e7\u00e3o contra a gripe e febre amarela e da busca ativa casa a casa, a UBS Jardim Ac\u00e1cio, aberta pelo programa Sa\u00fade Toda Hora, aplicou 78 doses de vacinas de rotina e contra a dengue e realizou 70 consultas m\u00e9dicas e 19 de enfermagem, 19 exames de Papanicolau e 30 atendimentos relativos \u00e0s condicionalidades do programa Bolsa Fam\u00edlia.<\/p>\n","protected":false},"excerpt":{"rendered":"<p>A Prefeitura de Guarulhos intensificou a vacina\u00e7\u00e3o contra a febre amarela e a gripe no \u00faltimo fim de semana com uma for\u00e7a-tarefa que levou os servi\u00e7os de imuniza\u00e7\u00e3o a diferentes pontos da cidade. A a\u00e7\u00e3o contou com a abertura da Unidade B\u00e1sica de Sa\u00fade (UBS) Jardim Ac\u00e1cio no s\u00e1bado (5), por meio do programa Sa\u00fade [&hellip;]<\/p>\n","protected":false},"author":1,"featured_media":24044,"comment_status":"open","ping_status":"open","sticky":false,"template":"","format":"standard","meta":{"footnotes":""},"categories":[3],"tags":[],"class_list":{"0":"post-24043","1":"post","2":"type-post","3":"status-publish","4":"format-standard","5":"has-post-thumbnail","7":"category-guarulhos"},"_links":{"self":[{"href":"https:\/\/jm-metropole.com.br\/site\/wp-json\/wp\/v2\/posts\/24043","targetHints":{"allow":["GET"]}}],"collection":[{"href":"https:\/\/jm-metropole.com.br\/site\/wp-json\/wp\/v2\/posts"}],"about":[{"href":"https:\/\/jm-metropole.com.br\/site\/wp-json\/wp\/v2\/types\/post"}],"author":[{"embeddable":true,"href":"https:\/\/jm-metropole.com.br\/site\/wp-json\/wp\/v2\/users\/1"}],"replies":[{"embeddable":true,"href":"https:\/\/jm-metropole.com.br\/site\/wp-json\/wp\/v2\/comments?post=24043"}],"version-history":[{"count":1,"href":"https:\/\/jm-metropole.com.br\/site\/wp-json\/wp\/v2\/posts\/24043\/revisions"}],"predecessor-version":[{"id":24045,"href":"https:\/\/jm-metropole.com.br\/site\/wp-json\/wp\/v2\/posts\/24043\/revisions\/24045"}],"wp:featuredmedia":[{"embeddable":true,"href":"https:\/\/jm-metropole.com.br\/site\/wp-json\/wp\/v2\/media\/24044"}],"wp:attachment":[{"href":"https:\/\/jm-metropole.com.br\/site\/wp-json\/wp\/v2\/media?parent=24043"}],"wp:term":[{"taxonomy":"category","embeddable":true,"href":"https:\/\/jm-metropole.com.br\/site\/wp-json\/wp\/v2\/categories?post=24043"},{"taxonomy":"post_tag","embeddable":true,"href":"https:\/\/jm-metropole.com.br\/site\/wp-json\/wp\/v2\/tags?post=24043"}],"curies":[{"name":"wp","href":"https:\/\/api.w.org\/{rel}","templated":true}]}}