{"id":24040,"date":"2025-04-08T10:53:53","date_gmt":"2025-04-08T13:53:53","guid":{"rendered":"https:\/\/jm-metropole.com.br\/site\/?p=24040"},"modified":"2025-04-08T10:53:53","modified_gmt":"2025-04-08T13:53:53","slug":"projeto-procon-nos-bairros-chega-ao-gopouva-nesta-quinta-feira","status":"publish","type":"post","link":"https:\/\/jm-metropole.com.br\/site\/projeto-procon-nos-bairros-chega-ao-gopouva-nesta-quinta-feira\/","title":{"rendered":"Projeto Procon nos Bairros chega ao Gopo\u00fava nesta quinta-feira"},"content":{"rendered":"<p>A unidade volante do Procon Guarulhos estar\u00e1 nesta quinta-feira (10), das 10h \u00e0s 16h, na pra\u00e7a Ant\u00f4nio Nader (pr\u00f3ximo \u00e0 avenida Em\u00edlio Ribas, 1.4750), no Gopo\u00fava, para atender os moradores do bairro e imedia\u00e7\u00f5es. Semanalmente a van da Coordenadoria de Defesa e Prote\u00e7\u00e3o do Consumidor leva a uma regi\u00e3o diferente os mesmos servi\u00e7os executados em suas tr\u00eas unidades.<\/p>\n<p>No ve\u00edculo Procon nos Bairros o consumidor poder\u00e1 abrir reclama\u00e7\u00f5es, obter esclarecimentos e informa\u00e7\u00f5es e solicitar o desbloqueio da Nota Fiscal Paulista. Agentes do Procon Guarulhos ir\u00e3o tamb\u00e9m orientar e verificar reclama\u00e7\u00f5es da popula\u00e7\u00e3o sobre estabelecimentos comerciais que desrespeitam o C\u00f3digo de Prote\u00e7\u00e3o e Defesa do Consumidor (lei federal 8.078\/1990).<\/p>\n<p>Atendimento<\/p>\n<p>Os atendimentos presenciais ocorrem de segunda a sexta-feira, das 8h \u00e0s 16h, nas seguintes unidades:<br \/>\nProcon Central: rua Sete de Setembro, 164, Centro<br \/>\nProcon S\u00e3o Jo\u00e3o: rua Mesquita, 161, Jardim S\u00e3o Jo\u00e3o. Telefone: 2408-4315<br \/>\nProcon Pimentas: estrada do Cap\u00e3o Bonito, 53, Conjunto Marcos Freire (pr\u00e9dio do CIC). Telefone: 3202-1312<br \/>\nO Procon Guarulhos atende tamb\u00e9m pelo Disque-Den\u00fancia 151.<\/p>\n<p>Imagem: Diego Fr\u00f3is \/ PMG<\/p>\n","protected":false},"excerpt":{"rendered":"<p>A unidade volante do Procon Guarulhos estar\u00e1 nesta quinta-feira (10), das 10h \u00e0s 16h, na pra\u00e7a Ant\u00f4nio Nader (pr\u00f3ximo \u00e0 avenida Em\u00edlio Ribas, 1.4750), no Gopo\u00fava, para atender os moradores do bairro e imedia\u00e7\u00f5es. Semanalmente a van da Coordenadoria de Defesa e Prote\u00e7\u00e3o do Consumidor leva a uma regi\u00e3o diferente os mesmos servi\u00e7os executados em [&hellip;]<\/p>\n","protected":false},"author":1,"featured_media":24041,"comment_status":"open","ping_status":"open","sticky":false,"template":"","format":"standard","meta":{"footnotes":""},"categories":[3],"tags":[],"class_list":{"0":"post-24040","1":"post","2":"type-post","3":"status-publish","4":"format-standard","5":"has-post-thumbnail","7":"category-guarulhos"},"_links":{"self":[{"href":"https:\/\/jm-metropole.com.br\/site\/wp-json\/wp\/v2\/posts\/24040","targetHints":{"allow":["GET"]}}],"collection":[{"href":"https:\/\/jm-metropole.com.br\/site\/wp-json\/wp\/v2\/posts"}],"about":[{"href":"https:\/\/jm-metropole.com.br\/site\/wp-json\/wp\/v2\/types\/post"}],"author":[{"embeddable":true,"href":"https:\/\/jm-metropole.com.br\/site\/wp-json\/wp\/v2\/users\/1"}],"replies":[{"embeddable":true,"href":"https:\/\/jm-metropole.com.br\/site\/wp-json\/wp\/v2\/comments?post=24040"}],"version-history":[{"count":1,"href":"https:\/\/jm-metropole.com.br\/site\/wp-json\/wp\/v2\/posts\/24040\/revisions"}],"predecessor-version":[{"id":24042,"href":"https:\/\/jm-metropole.com.br\/site\/wp-json\/wp\/v2\/posts\/24040\/revisions\/24042"}],"wp:featuredmedia":[{"embeddable":true,"href":"https:\/\/jm-metropole.com.br\/site\/wp-json\/wp\/v2\/media\/24041"}],"wp:attachment":[{"href":"https:\/\/jm-metropole.com.br\/site\/wp-json\/wp\/v2\/media?parent=24040"}],"wp:term":[{"taxonomy":"category","embeddable":true,"href":"https:\/\/jm-metropole.com.br\/site\/wp-json\/wp\/v2\/categories?post=24040"},{"taxonomy":"post_tag","embeddable":true,"href":"https:\/\/jm-metropole.com.br\/site\/wp-json\/wp\/v2\/tags?post=24040"}],"curies":[{"name":"wp","href":"https:\/\/api.w.org\/{rel}","templated":true}]}}