{"id":24034,"date":"2025-04-08T10:44:25","date_gmt":"2025-04-08T13:44:25","guid":{"rendered":"https:\/\/jm-metropole.com.br\/site\/?p=24034"},"modified":"2025-04-08T10:44:25","modified_gmt":"2025-04-08T13:44:25","slug":"prefeitura-de-mogi-das-cruzes-lanca-sis-libras-para-atendimento-de-surdos-e-deficientes-auditivos","status":"publish","type":"post","link":"https:\/\/jm-metropole.com.br\/site\/prefeitura-de-mogi-das-cruzes-lanca-sis-libras-para-atendimento-de-surdos-e-deficientes-auditivos\/","title":{"rendered":"Prefeitura de Mogi das Cruzes lan\u00e7a SIS Libras para atendimento de surdos e deficientes auditivos"},"content":{"rendered":"<p>A Prefeitura de Mogi das Cruzes, por meio da Secretaria Municipal de Sa\u00fade, est\u00e1 implantando o SIS Libras, uma plataforma de acesso para surdos ou deficientes auditivos com int\u00e9rpretes da L\u00edngua Brasileira de Sinais (LIBRAS). O objetivo \u00e9 oferecer suporte ao agendamento telef\u00f4nico de consultas para surdos ou deficientes auditivos que precisam marcar consultas ou esclarecer d\u00favidas.<br \/>\nO novo recurso foi apresentado nesta segunda-feira (07\/4), em comemora\u00e7\u00e3o ao Dia Mundial da Sa\u00fade, durante evento realizado na sala de reuni\u00f5es da Prefeitura de Mogi das Cruzes, pela prefeita Mara Bertaiolli, o vice-prefeito T\u00e9o Cusatis, a secret\u00e1ria municipal de Sa\u00fade, Rebeca Barufi, o adjunto Luiz Henrique Benites Bot, e o presidente da C\u00e2mara Municipal de Mogi das Cruzes, Jos\u00e9 Francim\u00e1rio Vieira de Macedo Farofa.<br \/>\n\u201cTrata-se de um recurso de extrema import\u00e2ncia para promover acesso a todos que precisam\u201d, explicou o vice-prefeito. Na sequ\u00eancia, a coordenadora do SIS \u2013 Sistema Integrado de Sa\u00fade, apresentou os detalhes do novo servi\u00e7o. \u201cTudo o que ouvimos em rela\u00e7\u00e3o \u00e0 sa\u00fade durante a campanha estamos buscando realizar para melhorar o atendimento\u201d, enfatizou a prefeita.<br \/>\nPor meio de uma videochamada em tempo real, o mun\u00edcipe entra em contato com um int\u00e9rprete de Libras, que realiza a tradu\u00e7\u00e3o simult\u00e2nea durante o atendimento para agendamento da consulta. O SIS Libras pode ser acessado pelo whatsapp: 0800-795-1500. O n\u00famero indica dois links:<br \/>\nhttps:\/\/youtube.com\/shorts\/1U_B7qDHEMk?si=TDZV-Ngrb5VDh20o &#8211; plataforma com orienta\u00e7\u00f5es para o passo a passo sobre como utilizar o sistema.<br \/>\nhttps:\/\/librasmed.cejam.org.br\/joinqueue &#8211; servi\u00e7o remoto com int\u00e9rpretes em tempo real que garantem acessibilidade \u00e9tica e segura para pacientes surdos.<br \/>\nO funcionamento ser\u00e1 de segunda a sexta-feira, das 10h \u00e0s 16h.<\/p>\n","protected":false},"excerpt":{"rendered":"<p>A Prefeitura de Mogi das Cruzes, por meio da Secretaria Municipal de Sa\u00fade, est\u00e1 implantando o SIS Libras, uma plataforma de acesso para surdos ou deficientes auditivos com int\u00e9rpretes da L\u00edngua Brasileira de Sinais (LIBRAS). O objetivo \u00e9 oferecer suporte ao agendamento telef\u00f4nico de consultas para surdos ou deficientes auditivos que precisam marcar consultas ou [&hellip;]<\/p>\n","protected":false},"author":1,"featured_media":24035,"comment_status":"open","ping_status":"open","sticky":false,"template":"","format":"standard","meta":{"footnotes":""},"categories":[10],"tags":[],"class_list":{"0":"post-24034","1":"post","2":"type-post","3":"status-publish","4":"format-standard","5":"has-post-thumbnail","7":"category-mogi-das-cruzes"},"_links":{"self":[{"href":"https:\/\/jm-metropole.com.br\/site\/wp-json\/wp\/v2\/posts\/24034","targetHints":{"allow":["GET"]}}],"collection":[{"href":"https:\/\/jm-metropole.com.br\/site\/wp-json\/wp\/v2\/posts"}],"about":[{"href":"https:\/\/jm-metropole.com.br\/site\/wp-json\/wp\/v2\/types\/post"}],"author":[{"embeddable":true,"href":"https:\/\/jm-metropole.com.br\/site\/wp-json\/wp\/v2\/users\/1"}],"replies":[{"embeddable":true,"href":"https:\/\/jm-metropole.com.br\/site\/wp-json\/wp\/v2\/comments?post=24034"}],"version-history":[{"count":1,"href":"https:\/\/jm-metropole.com.br\/site\/wp-json\/wp\/v2\/posts\/24034\/revisions"}],"predecessor-version":[{"id":24036,"href":"https:\/\/jm-metropole.com.br\/site\/wp-json\/wp\/v2\/posts\/24034\/revisions\/24036"}],"wp:featuredmedia":[{"embeddable":true,"href":"https:\/\/jm-metropole.com.br\/site\/wp-json\/wp\/v2\/media\/24035"}],"wp:attachment":[{"href":"https:\/\/jm-metropole.com.br\/site\/wp-json\/wp\/v2\/media?parent=24034"}],"wp:term":[{"taxonomy":"category","embeddable":true,"href":"https:\/\/jm-metropole.com.br\/site\/wp-json\/wp\/v2\/categories?post=24034"},{"taxonomy":"post_tag","embeddable":true,"href":"https:\/\/jm-metropole.com.br\/site\/wp-json\/wp\/v2\/tags?post=24034"}],"curies":[{"name":"wp","href":"https:\/\/api.w.org\/{rel}","templated":true}]}}