{"id":24024,"date":"2025-04-08T10:07:48","date_gmt":"2025-04-08T13:07:48","guid":{"rendered":"https:\/\/jm-metropole.com.br\/site\/?p=24024"},"modified":"2025-04-08T10:07:48","modified_gmt":"2025-04-08T13:07:48","slug":"gpa-resgata-arara-caninde-em-situacao-de-maus-tratos-em-palmeiras","status":"publish","type":"post","link":"https:\/\/jm-metropole.com.br\/site\/gpa-resgata-arara-caninde-em-situacao-de-maus-tratos-em-palmeiras\/","title":{"rendered":"GPA resgata arara-canind\u00e9 em situa\u00e7\u00e3o de maus-tratos em Palmeiras"},"content":{"rendered":"<p>Ave silvestre foi encontrada em uma resid\u00eancia no bairro Rinc\u00e3o das Lendas e encaminhada para cuidados especializados<\/p>\n<p>O Grupamento de Prote\u00e7\u00e3o Ambiental (GPA) da Guarda Civil Municipal (GCM) de Suzano realizou, na tarde do \u00faltimo domingo (06\/04), o resgate de uma arara-canind\u00e9 com sinais de maus-tratos. A ave silvestre foi localizada em uma resid\u00eancia no bairro Rinc\u00e3o das Lendas, no distrito de Palmeiras, e posteriormente encaminhada ao Centro de Triagem e Recupera\u00e7\u00e3o de Animais Silvestres (Cetras), do Parque Ecol\u00f3gico do Tiet\u00ea, onde receber\u00e1 os cuidados necess\u00e1rios.<\/p>\n<p>A ocorr\u00eancia foi registrada por volta das 14h30, ap\u00f3s a GCM ser acionada via r\u00e1dio para atender a uma solicita\u00e7\u00e3o de resgate de animal silvestre. No endere\u00e7o indicado, localizado na rua Can\u00e1rios, a equipe foi recebida pelo morador, que informou que a arara havia aparecido em sua casa. Sensibilizado com a situa\u00e7\u00e3o, ele acionou a guarda para garantir o socorro do animal.<\/p>\n<p>Ap\u00f3s avalia\u00e7\u00e3o da equipe do GPA, foi constatado que se tratava de uma arara-canind\u00e9, esp\u00e9cie nativa presente em biomas como a Mata Atl\u00e2ntica, o Cerrado, o Pantanal e a Amaz\u00f4nia. A ave apresentava ind\u00edcios de maus-tratos e, por isso, foi imediatamente conduzida ao Cetras. No local, ela passar\u00e1 por reabilita\u00e7\u00e3o e, ap\u00f3s os devidos tratamentos, ser\u00e1 avaliada a possibilidade de retorno ao seu habitat.<\/p>\n<p>O secret\u00e1rio municipal de Seguran\u00e7a Cidad\u00e3, Francisco Balbino, destacou a import\u00e2ncia da a\u00e7\u00e3o. \u201cA gente sabe o quanto esses resgates fazem a diferen\u00e7a. A arara estava debilitada e, gra\u00e7as \u00e0 equipe da GCM, agora est\u00e1 recebendo os cuidados certos. Esse tipo de a\u00e7\u00e3o mostra como \u00e9 importante a popula\u00e7\u00e3o colaborar e acionar a Guarda quando encontrar animais silvestres fora do habitat\u201d, afirmou o chefe da pasta.<\/p>\n<p>&nbsp;<\/p>\n<p>Cr\u00e9dito da foto: Divulga\u00e7\u00e3o\/Secop Suzano<\/p>\n","protected":false},"excerpt":{"rendered":"<p>Ave silvestre foi encontrada em uma resid\u00eancia no bairro Rinc\u00e3o das Lendas e encaminhada para cuidados especializados O Grupamento de Prote\u00e7\u00e3o Ambiental (GPA) da Guarda Civil Municipal (GCM) de Suzano realizou, na tarde do \u00faltimo domingo (06\/04), o resgate de uma arara-canind\u00e9 com sinais de maus-tratos. A ave silvestre foi localizada em uma resid\u00eancia no [&hellip;]<\/p>\n","protected":false},"author":1,"featured_media":24025,"comment_status":"open","ping_status":"open","sticky":false,"template":"","format":"standard","meta":{"footnotes":""},"categories":[9],"tags":[],"class_list":{"0":"post-24024","1":"post","2":"type-post","3":"status-publish","4":"format-standard","5":"has-post-thumbnail","7":"category-suzano"},"_links":{"self":[{"href":"https:\/\/jm-metropole.com.br\/site\/wp-json\/wp\/v2\/posts\/24024","targetHints":{"allow":["GET"]}}],"collection":[{"href":"https:\/\/jm-metropole.com.br\/site\/wp-json\/wp\/v2\/posts"}],"about":[{"href":"https:\/\/jm-metropole.com.br\/site\/wp-json\/wp\/v2\/types\/post"}],"author":[{"embeddable":true,"href":"https:\/\/jm-metropole.com.br\/site\/wp-json\/wp\/v2\/users\/1"}],"replies":[{"embeddable":true,"href":"https:\/\/jm-metropole.com.br\/site\/wp-json\/wp\/v2\/comments?post=24024"}],"version-history":[{"count":1,"href":"https:\/\/jm-metropole.com.br\/site\/wp-json\/wp\/v2\/posts\/24024\/revisions"}],"predecessor-version":[{"id":24026,"href":"https:\/\/jm-metropole.com.br\/site\/wp-json\/wp\/v2\/posts\/24024\/revisions\/24026"}],"wp:featuredmedia":[{"embeddable":true,"href":"https:\/\/jm-metropole.com.br\/site\/wp-json\/wp\/v2\/media\/24025"}],"wp:attachment":[{"href":"https:\/\/jm-metropole.com.br\/site\/wp-json\/wp\/v2\/media?parent=24024"}],"wp:term":[{"taxonomy":"category","embeddable":true,"href":"https:\/\/jm-metropole.com.br\/site\/wp-json\/wp\/v2\/categories?post=24024"},{"taxonomy":"post_tag","embeddable":true,"href":"https:\/\/jm-metropole.com.br\/site\/wp-json\/wp\/v2\/tags?post=24024"}],"curies":[{"name":"wp","href":"https:\/\/api.w.org\/{rel}","templated":true}]}}