{"id":24021,"date":"2025-04-08T10:06:53","date_gmt":"2025-04-08T13:06:53","guid":{"rendered":"https:\/\/jm-metropole.com.br\/site\/?p=24021"},"modified":"2025-04-08T10:06:53","modified_gmt":"2025-04-08T13:06:53","slug":"suzano-celebra-76-anos-com-eventos-culturais-e-musicais","status":"publish","type":"post","link":"https:\/\/jm-metropole.com.br\/site\/suzano-celebra-76-anos-com-eventos-culturais-e-musicais\/","title":{"rendered":"Suzano celebra 76 anos com eventos culturais e musicais"},"content":{"rendered":"<p>Atividades celebraram a identidade e as origens da cidade com artistas locais em lugares como o Parque Max Feffer e o Casar\u00e3o da Mem\u00f3ria<\/p>\n<p>As comemora\u00e7\u00f5es dos 76 anos de emancipa\u00e7\u00e3o pol\u00edtico-administrativa de Suzano foram marcadas por uma grande mobiliza\u00e7\u00e3o cultural e art\u00edstica que tomou conta do Parque Municipal Max Feffer, no Jardim Imperador, nos \u00faltimos dias.<\/p>\n<p>As atividades no Pavilh\u00e3o da Cultura Afro-Brasileira Zumbi dos Palmares encantaram o p\u00fablico. No s\u00e1bado e domingo (05 e 06\/04), houve uma intensa programa\u00e7\u00e3o que contou com a participa\u00e7\u00e3o de 2 mil pessoas em ambos os dias. Ela inclu\u00eda apresenta\u00e7\u00f5es de dan\u00e7a, interven\u00e7\u00f5es circenses e shows musicais. Ainda contou com exposi\u00e7\u00e3o de artes pl\u00e1sticas e feira de artesanato, que se integraram ao p\u00fablico presente no entorno do pavilh\u00e3o.<\/p>\n<p>O local j\u00e1 havia recebido mais de mil pessoas nas atividades realizadas na \u00faltima quarta-feira (02\/04), dia do anivers\u00e1rio da cidade. Na oportunidade, tamb\u00e9m houve apresenta\u00e7\u00f5es, feira de artesanato, exposi\u00e7\u00e3o de artes pl\u00e1sticas, pra\u00e7a de alimenta\u00e7\u00e3o e brinquedos infl\u00e1veis.<\/p>\n<p>A participa\u00e7\u00e3o foi expressiva e diversificada. Ao todo, 343 artistas e estudantes de artes se apresentaram. Destacaram-se 287 bailarinos e alunos de dan\u00e7a, que integraram 58 apresenta\u00e7\u00f5es realizadas por 21 escolas e grupos. A programa\u00e7\u00e3o contou ainda com 12 apresenta\u00e7\u00f5es musicais de bandas, que reuniram 44 m\u00fasicos, al\u00e9m de tr\u00eas interven\u00e7\u00f5es circenses, tr\u00eas aulas abertas de ritmos e uma exposi\u00e7\u00e3o com seis artistas pl\u00e1sticos, pintando ao vivo, e cerca de 50 obras exibidas. A variedade das express\u00f5es art\u00edsticas evidenciou o talento local e refor\u00e7ou o compromisso de Suzano com a valoriza\u00e7\u00e3o da cultura.<\/p>\n<p>Al\u00e9m das atividades no parque, cerca de 300 pessoas prestigiaram o \u201cFestival de Anivers\u00e1rio de Suzano\u201d ao longo do s\u00e1bado, realizado no Casar\u00e3o da Mem\u00f3ria Ant\u00f4nio Marques Figueira, no centro. O p\u00fablico participou ativamente das atra\u00e7\u00f5es oferecidas como oficinas, apresenta\u00e7\u00f5es musicais e teatrais, feira de artesanato e gastronomia, refor\u00e7ando o esp\u00edrito comemorativo dos 76 anos de emancipa\u00e7\u00e3o pol\u00edtico-administrativa do munic\u00edpio.<\/p>\n<p>Para o secret\u00e1rio de Cultura de Suzano, Jos\u00e9 Luiz Spitti, o sucesso das atra\u00e7\u00f5es refor\u00e7a a import\u00e2ncia de investir em eventos que conectem a popula\u00e7\u00e3o com a arte e a cultura. \u201cAs atividades foram planejadas para celebrar a diversidade art\u00edstica de Suzano e promover a integra\u00e7\u00e3o da comunidade. A resposta do p\u00fablico superou nossas expectativas, evidenciando o interesse e a valoriza\u00e7\u00e3o da cultura local\u201d, destacou.<\/p>\n<p>Para o prefeito Pedro Ishi, o resultado dos eventos reflete o compromisso da gest\u00e3o em proporcionar experi\u00eancias culturais marcantes. \u201cAs comemora\u00e7\u00f5es foram um marco em nossa hist\u00f3ria. Conseguimos oferecer uma programa\u00e7\u00e3o diversificada e acess\u00edvel. A participa\u00e7\u00e3o do p\u00fablico reflete o sucesso das iniciativas e nos motiva a continuar investindo em eventos que enrique\u00e7am a vida cultural de Suzano\u201d, declarou o chefe do Poder Executivo.<\/p>\n<p>Cr\u00e9dito das fotos: Divulga\u00e7\u00e3o\/Secop Suzano<\/p>\n","protected":false},"excerpt":{"rendered":"<p>Atividades celebraram a identidade e as origens da cidade com artistas locais em lugares como o Parque Max Feffer e o Casar\u00e3o da Mem\u00f3ria As comemora\u00e7\u00f5es dos 76 anos de emancipa\u00e7\u00e3o pol\u00edtico-administrativa de Suzano foram marcadas por uma grande mobiliza\u00e7\u00e3o cultural e art\u00edstica que tomou conta do Parque Municipal Max Feffer, no Jardim Imperador, nos [&hellip;]<\/p>\n","protected":false},"author":1,"featured_media":24022,"comment_status":"open","ping_status":"open","sticky":false,"template":"","format":"standard","meta":{"footnotes":""},"categories":[9],"tags":[],"class_list":{"0":"post-24021","1":"post","2":"type-post","3":"status-publish","4":"format-standard","5":"has-post-thumbnail","7":"category-suzano"},"_links":{"self":[{"href":"https:\/\/jm-metropole.com.br\/site\/wp-json\/wp\/v2\/posts\/24021","targetHints":{"allow":["GET"]}}],"collection":[{"href":"https:\/\/jm-metropole.com.br\/site\/wp-json\/wp\/v2\/posts"}],"about":[{"href":"https:\/\/jm-metropole.com.br\/site\/wp-json\/wp\/v2\/types\/post"}],"author":[{"embeddable":true,"href":"https:\/\/jm-metropole.com.br\/site\/wp-json\/wp\/v2\/users\/1"}],"replies":[{"embeddable":true,"href":"https:\/\/jm-metropole.com.br\/site\/wp-json\/wp\/v2\/comments?post=24021"}],"version-history":[{"count":1,"href":"https:\/\/jm-metropole.com.br\/site\/wp-json\/wp\/v2\/posts\/24021\/revisions"}],"predecessor-version":[{"id":24023,"href":"https:\/\/jm-metropole.com.br\/site\/wp-json\/wp\/v2\/posts\/24021\/revisions\/24023"}],"wp:featuredmedia":[{"embeddable":true,"href":"https:\/\/jm-metropole.com.br\/site\/wp-json\/wp\/v2\/media\/24022"}],"wp:attachment":[{"href":"https:\/\/jm-metropole.com.br\/site\/wp-json\/wp\/v2\/media?parent=24021"}],"wp:term":[{"taxonomy":"category","embeddable":true,"href":"https:\/\/jm-metropole.com.br\/site\/wp-json\/wp\/v2\/categories?post=24021"},{"taxonomy":"post_tag","embeddable":true,"href":"https:\/\/jm-metropole.com.br\/site\/wp-json\/wp\/v2\/tags?post=24021"}],"curies":[{"name":"wp","href":"https:\/\/api.w.org\/{rel}","templated":true}]}}