{"id":24015,"date":"2025-04-07T17:43:15","date_gmt":"2025-04-07T20:43:15","guid":{"rendered":"https:\/\/jm-metropole.com.br\/site\/?p=24015"},"modified":"2025-04-07T17:43:15","modified_gmt":"2025-04-07T20:43:15","slug":"confira-o-calendario-do-vestibular-das-fatecs","status":"publish","type":"post","link":"https:\/\/jm-metropole.com.br\/site\/confira-o-calendario-do-vestibular-das-fatecs\/","title":{"rendered":"Confira o calend\u00e1rio do Vestibular das Fatecs"},"content":{"rendered":"<div class=\"elementor-element elementor-element-4784657 elementor-widget__width-initial elementor-widget elementor-widget-theme-post-excerpt\" data-id=\"4784657\" data-element_type=\"widget\" data-widget_type=\"theme-post-excerpt.default\">\n<div class=\"elementor-widget-container\">Interessado tem at\u00e9 o dia 6 de junho para se inscrever no processo seletivo; prova ser\u00e1 aplicada em 29 de junho<\/div>\n<\/div>\n<div class=\"elementor-element elementor-element-4b063fb elementor-widget elementor-widget-image\" data-id=\"4b063fb\" data-element_type=\"widget\" data-widget_type=\"image.default\"><\/div>\n<div data-id=\"4b063fb\" data-element_type=\"widget\" data-widget_type=\"image.default\">\n<p>As Faculdades de Tecnologia do Estado de S\u00e3o Paulo (Fatecs) oferecem 12.550 vagas destinadas aos cursos superiores gratuitos de tecnologia para o segundo semestre de 2025.<mark>\u00a0<\/mark>As inscri\u00e7\u00f5es para o Vestibular come\u00e7am nesta segunda-feira (7), exclusivamente pelo site\u00a0<a role=\"link\" href=\"https:\/\/vestibular.fatec.sp.gov.br\/\" target=\"_blank\" rel=\"noreferrer noopener\">vestibular.fatec.sp.gov.br<\/a>. A prova ser\u00e1 no dia 29 de junho, \u00e0s 13h.<\/p>\n<p>Os candidatos podem consultar o\u00a0<a role=\"link\" href=\"https:\/\/www.cps.sp.gov.br\/fatec\/cursos-oferecidos-pelas-fatecs\/\" target=\"_blank\" rel=\"noreferrer noopener\">perfil dos 96 cursos<\/a>\u00a0dispon\u00edveis no processo seletivo, no site do Centro Paula Souza (CPS). As forma\u00e7\u00f5es t\u00eam curr\u00edculos atualizados e alinhados \u00e0s demandas do mercado de trabalho, distribu\u00eddas entre 82 unidades em todo o estado.<\/p>\n<p>A rela\u00e7\u00e3o completa de cursos, n\u00famero de vagas e munic\u00edpios estar\u00e1 dispon\u00edvel no site do\u00a0<a role=\"link\" href=\"https:\/\/vestibular.fatec.sp.gov.br\/\" target=\"_blank\" rel=\"noreferrer noopener\">Vestibular das Fatecs<\/a>.<\/p>\n<h2 class=\"wp-block-heading\"><strong>Confira o cronograma do processo seletivo:<\/strong><\/h2>\n<ul class=\"wp-block-list\">\n<li><strong>7 de abril a 6 de junho, at\u00e9 as 15 horas:<\/strong>\u00a0per\u00edodo de inscri\u00e7\u00e3o para o Vestibular<\/li>\n<li><strong>7 a 22 de abril:<\/strong>\u00a0solicita\u00e7\u00e3o de isen\u00e7\u00e3o e redu\u00e7\u00e3o da taxa de inscri\u00e7\u00e3o<\/li>\n<li><strong>7 de maio:<\/strong>\u00a0publica\u00e7\u00e3o do resultado dos pedidos de isen\u00e7\u00e3o e redu\u00e7\u00e3o<\/li>\n<li><strong>25 de junho, a partir das 17 horas:<\/strong>\u00a0divulga\u00e7\u00e3o dos locais de prova<\/li>\n<li><strong>29 de junho, as 13 horas:<\/strong>\u00a0aplica\u00e7\u00e3o da prova do Vestibular das Fatecs<\/li>\n<li><strong>14 de julho, a partir das 15 horas:<\/strong>\u00a0divulga\u00e7\u00e3o da classifica\u00e7\u00e3o geral e convoca\u00e7\u00e3o da primeira chamada<\/li>\n<li><strong>15 a 17 de julho:<\/strong>\u00a0matr\u00edcula da primeira chamada<\/li>\n<\/ul>\n<h2 class=\"wp-block-heading\"><strong>Vestibulinho das Etecs<\/strong><\/h2>\n<p>Em breve, ser\u00e3o divulgadas as informa\u00e7\u00f5es do processo seletivo das Escolas T\u00e9cnicas Estaduais (Etecs) para o segundo semestre. Acompanhe as novidades pelo site\u00a0<a role=\"link\" href=\"https:\/\/www.cps.sp.gov.br\/etec\/vestibulinho\/\" target=\"_blank\" rel=\"noreferrer noopener\">www.cps.sp.gov.br<\/a>.<\/p>\n<\/div>\n","protected":false},"excerpt":{"rendered":"<p>Interessado tem at\u00e9 o dia 6 de junho para se inscrever no processo seletivo; prova ser\u00e1 aplicada em 29 de junho As Faculdades de Tecnologia do Estado de S\u00e3o Paulo (Fatecs) oferecem 12.550 vagas destinadas aos cursos superiores gratuitos de tecnologia para o segundo semestre de 2025.\u00a0As inscri\u00e7\u00f5es para o Vestibular come\u00e7am nesta segunda-feira (7), [&hellip;]<\/p>\n","protected":false},"author":1,"featured_media":24016,"comment_status":"open","ping_status":"open","sticky":false,"template":"","format":"standard","meta":{"footnotes":""},"categories":[14],"tags":[],"class_list":{"0":"post-24015","1":"post","2":"type-post","3":"status-publish","4":"format-standard","5":"has-post-thumbnail","7":"category-educacao"},"_links":{"self":[{"href":"https:\/\/jm-metropole.com.br\/site\/wp-json\/wp\/v2\/posts\/24015","targetHints":{"allow":["GET"]}}],"collection":[{"href":"https:\/\/jm-metropole.com.br\/site\/wp-json\/wp\/v2\/posts"}],"about":[{"href":"https:\/\/jm-metropole.com.br\/site\/wp-json\/wp\/v2\/types\/post"}],"author":[{"embeddable":true,"href":"https:\/\/jm-metropole.com.br\/site\/wp-json\/wp\/v2\/users\/1"}],"replies":[{"embeddable":true,"href":"https:\/\/jm-metropole.com.br\/site\/wp-json\/wp\/v2\/comments?post=24015"}],"version-history":[{"count":1,"href":"https:\/\/jm-metropole.com.br\/site\/wp-json\/wp\/v2\/posts\/24015\/revisions"}],"predecessor-version":[{"id":24017,"href":"https:\/\/jm-metropole.com.br\/site\/wp-json\/wp\/v2\/posts\/24015\/revisions\/24017"}],"wp:featuredmedia":[{"embeddable":true,"href":"https:\/\/jm-metropole.com.br\/site\/wp-json\/wp\/v2\/media\/24016"}],"wp:attachment":[{"href":"https:\/\/jm-metropole.com.br\/site\/wp-json\/wp\/v2\/media?parent=24015"}],"wp:term":[{"taxonomy":"category","embeddable":true,"href":"https:\/\/jm-metropole.com.br\/site\/wp-json\/wp\/v2\/categories?post=24015"},{"taxonomy":"post_tag","embeddable":true,"href":"https:\/\/jm-metropole.com.br\/site\/wp-json\/wp\/v2\/tags?post=24015"}],"curies":[{"name":"wp","href":"https:\/\/api.w.org\/{rel}","templated":true}]}}