{"id":24012,"date":"2025-04-07T17:37:24","date_gmt":"2025-04-07T20:37:24","guid":{"rendered":"https:\/\/jm-metropole.com.br\/site\/?p=24012"},"modified":"2025-04-07T17:37:24","modified_gmt":"2025-04-07T20:37:24","slug":"empreendedores-locais-movimentam-jardim-cerejeiras-na-1a-feira-do-microempreendedor-em-aruja","status":"publish","type":"post","link":"https:\/\/jm-metropole.com.br\/site\/empreendedores-locais-movimentam-jardim-cerejeiras-na-1a-feira-do-microempreendedor-em-aruja\/","title":{"rendered":"EMPREENDEDORES LOCAIS MOVIMENTAM JARDIM CEREJEIRAS NA 1\u00aa FEIRA DO MICROEMPREENDEDOR EM ARUJ\u00c1"},"content":{"rendered":"<p>Com foco no fortalecimento de pequenos neg\u00f3cios, a 1\u00aa Feira do Microempreendedor em Movimento transformou a Esta\u00e7\u00e3o Cidadania, no Jardim Cerejeiras, em um verdadeiro polo de empreendedorismo no \u00faltimo s\u00e1bado (5). O evento reuniu mais de 40 expositores, e atraiu cerca de 500 pessoas, segundo a Secretaria Municipal de Seguran\u00e7a P\u00fablica.<\/p>\n<p>Ao longo do dia, o p\u00fablico p\u00f4de conhecer e adquirir produtos dos segmentos de artesanato, beleza, alimenta\u00e7\u00e3o e bem-estar, al\u00e9m de prestigiar apresenta\u00e7\u00f5es musicais, sorteios e atividades recreativas. O evento tamb\u00e9m ofereceu servi\u00e7os gratuitos de sa\u00fade, criando um ambiente prop\u00edcio para a gera\u00e7\u00e3o de renda e a valoriza\u00e7\u00e3o do com\u00e9rcio local.<\/p>\n<p>Em parceria a Secretaria de Sa\u00fade, foram realizados atendimentos de enfermagem, com 35 aferi\u00e7\u00f5es de press\u00e3o arterial e 39 testes de glicemia capilar. Tamb\u00e9m foram aplicadas 97 vacinas contra Influenza e 11 contra Febre Amarela, al\u00e9m de 18 atendimentos odontol\u00f3gicos.<\/p>\n<p>Com apoio das Secretarias Municipais de Desenvolvimento Econ\u00f4mico, Assist\u00eancia Social, Cultura, Sa\u00fade e Esporte, a feira destacou a import\u00e2ncia de levar oportunidades aos bairros e estimular o empreendedorismo como ferramenta de inclus\u00e3o social e desenvolvimento econ\u00f4mico.<\/p>\n","protected":false},"excerpt":{"rendered":"<p>Com foco no fortalecimento de pequenos neg\u00f3cios, a 1\u00aa Feira do Microempreendedor em Movimento transformou a Esta\u00e7\u00e3o Cidadania, no Jardim Cerejeiras, em um verdadeiro polo de empreendedorismo no \u00faltimo s\u00e1bado (5). O evento reuniu mais de 40 expositores, e atraiu cerca de 500 pessoas, segundo a Secretaria Municipal de Seguran\u00e7a P\u00fablica. Ao longo do dia, [&hellip;]<\/p>\n","protected":false},"author":1,"featured_media":24013,"comment_status":"open","ping_status":"open","sticky":false,"template":"","format":"standard","meta":{"footnotes":""},"categories":[4],"tags":[],"class_list":{"0":"post-24012","1":"post","2":"type-post","3":"status-publish","4":"format-standard","5":"has-post-thumbnail","7":"category-aruja"},"_links":{"self":[{"href":"https:\/\/jm-metropole.com.br\/site\/wp-json\/wp\/v2\/posts\/24012","targetHints":{"allow":["GET"]}}],"collection":[{"href":"https:\/\/jm-metropole.com.br\/site\/wp-json\/wp\/v2\/posts"}],"about":[{"href":"https:\/\/jm-metropole.com.br\/site\/wp-json\/wp\/v2\/types\/post"}],"author":[{"embeddable":true,"href":"https:\/\/jm-metropole.com.br\/site\/wp-json\/wp\/v2\/users\/1"}],"replies":[{"embeddable":true,"href":"https:\/\/jm-metropole.com.br\/site\/wp-json\/wp\/v2\/comments?post=24012"}],"version-history":[{"count":1,"href":"https:\/\/jm-metropole.com.br\/site\/wp-json\/wp\/v2\/posts\/24012\/revisions"}],"predecessor-version":[{"id":24014,"href":"https:\/\/jm-metropole.com.br\/site\/wp-json\/wp\/v2\/posts\/24012\/revisions\/24014"}],"wp:featuredmedia":[{"embeddable":true,"href":"https:\/\/jm-metropole.com.br\/site\/wp-json\/wp\/v2\/media\/24013"}],"wp:attachment":[{"href":"https:\/\/jm-metropole.com.br\/site\/wp-json\/wp\/v2\/media?parent=24012"}],"wp:term":[{"taxonomy":"category","embeddable":true,"href":"https:\/\/jm-metropole.com.br\/site\/wp-json\/wp\/v2\/categories?post=24012"},{"taxonomy":"post_tag","embeddable":true,"href":"https:\/\/jm-metropole.com.br\/site\/wp-json\/wp\/v2\/tags?post=24012"}],"curies":[{"name":"wp","href":"https:\/\/api.w.org\/{rel}","templated":true}]}}