{"id":24000,"date":"2025-04-07T15:21:43","date_gmt":"2025-04-07T18:21:43","guid":{"rendered":"https:\/\/jm-metropole.com.br\/site\/?p=24000"},"modified":"2025-04-07T15:21:43","modified_gmt":"2025-04-07T18:21:43","slug":"prefeitura-de-aruja-solicita-prioridade-ao-estado-para-regularizacao-fundiaria-de-loteamentos","status":"publish","type":"post","link":"https:\/\/jm-metropole.com.br\/site\/prefeitura-de-aruja-solicita-prioridade-ao-estado-para-regularizacao-fundiaria-de-loteamentos\/","title":{"rendered":"PREFEITURA DE ARUJ\u00c1 SOLICITA PRIORIDADE AO ESTADO PARA REGULARIZA\u00c7\u00c3O FUNDI\u00c1RIA DE LOTEAMENTOS"},"content":{"rendered":"<p>A Prefeitura de Aruj\u00e1, por meio da Secretaria Municipal de Habita\u00e7\u00e3o, solicitou prioridade \u00e0 Secretaria de Desenvolvimento Urbano e Habita\u00e7\u00e3o do Estado de S\u00e3o Paulo para a regulariza\u00e7\u00e3o fundi\u00e1ria de 22 loteamentos e n\u00facleos habitacionais inseridos no Programa Cidade Legal. A regulariza\u00e7\u00e3o fundi\u00e1ria \u00e9 essencial para garantir o direito \u00e0 moradia digna e seguran\u00e7a jur\u00eddica \u00e0s fam\u00edlias residentes em \u00e1reas informalmente consolidadas.<\/p>\n<p>Para solicitar essa prioridade, o secret\u00e1rio-adjunto de Habita\u00e7\u00e3o de Aruj\u00e1, Vin\u00edcius Pateta, esteve com o secret\u00e1rio de Planejamento de Aruj\u00e1, Marco Valdanha, representando o prefeito Luis Camargo, ao entregar um of\u00edcio com o pedido ao subsecret\u00e1rio Jos\u00e9 Police Neto da Secretaria de Desenvolvimento Urbano e Habita\u00e7\u00e3o do Estado de S\u00e3o Paulo, em mar\u00e7o.<\/p>\n<p>A Prefeitura de Aruj\u00e1 busca dar celeridade ao processo de titula\u00e7\u00e3o e garantir seguran\u00e7a jur\u00eddica aos ocupantes. A agiliza\u00e7\u00e3o desses processos trar\u00e1 benef\u00edcios significativos, incluindo valoriza\u00e7\u00e3o imobili\u00e1ria, acesso a infraestrutura adequada, aumento da arrecada\u00e7\u00e3o tribut\u00e1ria e redu\u00e7\u00e3o de conflitos fundi\u00e1rios. Al\u00e9m disso, a titula\u00e7\u00e3o definitiva dos im\u00f3veis promover\u00e1 a inclus\u00e3o social das fam\u00edlias beneficiadas.<\/p>\n<p>A administra\u00e7\u00e3o municipal acredita que a conclus\u00e3o c\u00e9lere dos processos de regulariza\u00e7\u00e3o fundi\u00e1ria impactar\u00e1 positivamente a gest\u00e3o municipal, viabilizando investimentos em infraestrutura e possibilitando um planejamento territorial mais eficiente.<\/p>\n<p>O prefeito de Aruj\u00e1, Luis Camargo, destacou a import\u00e2ncia da parceria com o Estado para a regulariza\u00e7\u00e3o fundi\u00e1ria. &#8220;\u00c9 fundamental que trabalhemos juntos para garantir o direito \u00e0 moradia digna e seguran\u00e7a jur\u00eddica \u00e0s fam\u00edlias de Aruj\u00e1&#8221;, afirmou.<\/p>\n","protected":false},"excerpt":{"rendered":"<p>A Prefeitura de Aruj\u00e1, por meio da Secretaria Municipal de Habita\u00e7\u00e3o, solicitou prioridade \u00e0 Secretaria de Desenvolvimento Urbano e Habita\u00e7\u00e3o do Estado de S\u00e3o Paulo para a regulariza\u00e7\u00e3o fundi\u00e1ria de 22 loteamentos e n\u00facleos habitacionais inseridos no Programa Cidade Legal. A regulariza\u00e7\u00e3o fundi\u00e1ria \u00e9 essencial para garantir o direito \u00e0 moradia digna e seguran\u00e7a jur\u00eddica [&hellip;]<\/p>\n","protected":false},"author":1,"featured_media":24001,"comment_status":"open","ping_status":"open","sticky":false,"template":"","format":"standard","meta":{"footnotes":""},"categories":[4],"tags":[],"class_list":{"0":"post-24000","1":"post","2":"type-post","3":"status-publish","4":"format-standard","5":"has-post-thumbnail","7":"category-aruja"},"_links":{"self":[{"href":"https:\/\/jm-metropole.com.br\/site\/wp-json\/wp\/v2\/posts\/24000","targetHints":{"allow":["GET"]}}],"collection":[{"href":"https:\/\/jm-metropole.com.br\/site\/wp-json\/wp\/v2\/posts"}],"about":[{"href":"https:\/\/jm-metropole.com.br\/site\/wp-json\/wp\/v2\/types\/post"}],"author":[{"embeddable":true,"href":"https:\/\/jm-metropole.com.br\/site\/wp-json\/wp\/v2\/users\/1"}],"replies":[{"embeddable":true,"href":"https:\/\/jm-metropole.com.br\/site\/wp-json\/wp\/v2\/comments?post=24000"}],"version-history":[{"count":1,"href":"https:\/\/jm-metropole.com.br\/site\/wp-json\/wp\/v2\/posts\/24000\/revisions"}],"predecessor-version":[{"id":24002,"href":"https:\/\/jm-metropole.com.br\/site\/wp-json\/wp\/v2\/posts\/24000\/revisions\/24002"}],"wp:featuredmedia":[{"embeddable":true,"href":"https:\/\/jm-metropole.com.br\/site\/wp-json\/wp\/v2\/media\/24001"}],"wp:attachment":[{"href":"https:\/\/jm-metropole.com.br\/site\/wp-json\/wp\/v2\/media?parent=24000"}],"wp:term":[{"taxonomy":"category","embeddable":true,"href":"https:\/\/jm-metropole.com.br\/site\/wp-json\/wp\/v2\/categories?post=24000"},{"taxonomy":"post_tag","embeddable":true,"href":"https:\/\/jm-metropole.com.br\/site\/wp-json\/wp\/v2\/tags?post=24000"}],"curies":[{"name":"wp","href":"https:\/\/api.w.org\/{rel}","templated":true}]}}