{"id":23996,"date":"2025-04-07T12:39:00","date_gmt":"2025-04-07T15:39:00","guid":{"rendered":"https:\/\/jm-metropole.com.br\/site\/?p=23996"},"modified":"2025-04-07T12:39:00","modified_gmt":"2025-04-07T15:39:00","slug":"autarquia-fara-limpeza-de-reservatorio-do-parque-morumbi-na-proxima-quinta-feira-10-4","status":"publish","type":"post","link":"https:\/\/jm-metropole.com.br\/site\/autarquia-fara-limpeza-de-reservatorio-do-parque-morumbi-na-proxima-quinta-feira-10-4\/","title":{"rendered":"Autarquia far\u00e1 limpeza de reservat\u00f3rio do Parque Morumbi, na pr\u00f3xima quinta-feira (10\/4)"},"content":{"rendered":"<p>Na pr\u00f3xima quinta-feira (10\/4), o Semae far\u00e1 a limpeza do reservat\u00f3rio que abastece o Parque Morumbi e Conjunto S\u00e3o Sebasti\u00e3o. Para realizar o servi\u00e7o, ser\u00e1 necess\u00e1ria uma pausa no abastecimento, no per\u00edodo das 2h \u00e0s 15h. A previs\u00e3o \u00e9 normalizar a distribui\u00e7\u00e3o de \u00e1gua na madrugada de sexta (11). A limpeza peri\u00f3dica de reservat\u00f3rios \u00e9 para assegurar a qualidade da \u00e1gua distribu\u00edda \u00e0 popula\u00e7\u00e3o. Im\u00f3veis que t\u00eam caixa d\u2019\u00e1gua n\u00e3o dever\u00e3o ter a rotina alterada, mas a autarquia recomenda economia no consumo.<\/p>\n<p><strong>Para mais informa\u00e7\u00f5es, os consumidores podem entrar em contato diretamente com o Semae, pelos seguintes canais:<\/strong><\/p>\n<p><strong>Telefone 115:<\/strong>\u00a0atendimento de segunda a sexta, das 7h \u00e0s 21h\/ S\u00e1bados, domingos e feriados, das 7h \u00e0s 19h<\/p>\n<p><strong>WhatsApp, no n\u00famero (11) 95807-3381:<\/strong>\u00a0atendimento de segunda a sexta, exceto feriados, das 8h \u00e0s 17h<\/p>\n","protected":false},"excerpt":{"rendered":"<p>Na pr\u00f3xima quinta-feira (10\/4), o Semae far\u00e1 a limpeza do reservat\u00f3rio que abastece o Parque Morumbi e Conjunto S\u00e3o Sebasti\u00e3o. Para realizar o servi\u00e7o, ser\u00e1 necess\u00e1ria uma pausa no abastecimento, no per\u00edodo das 2h \u00e0s 15h. A previs\u00e3o \u00e9 normalizar a distribui\u00e7\u00e3o de \u00e1gua na madrugada de sexta (11). A limpeza peri\u00f3dica de reservat\u00f3rios \u00e9 [&hellip;]<\/p>\n","protected":false},"author":1,"featured_media":23997,"comment_status":"open","ping_status":"open","sticky":false,"template":"","format":"standard","meta":{"footnotes":""},"categories":[10],"tags":[],"class_list":{"0":"post-23996","1":"post","2":"type-post","3":"status-publish","4":"format-standard","5":"has-post-thumbnail","7":"category-mogi-das-cruzes"},"_links":{"self":[{"href":"https:\/\/jm-metropole.com.br\/site\/wp-json\/wp\/v2\/posts\/23996","targetHints":{"allow":["GET"]}}],"collection":[{"href":"https:\/\/jm-metropole.com.br\/site\/wp-json\/wp\/v2\/posts"}],"about":[{"href":"https:\/\/jm-metropole.com.br\/site\/wp-json\/wp\/v2\/types\/post"}],"author":[{"embeddable":true,"href":"https:\/\/jm-metropole.com.br\/site\/wp-json\/wp\/v2\/users\/1"}],"replies":[{"embeddable":true,"href":"https:\/\/jm-metropole.com.br\/site\/wp-json\/wp\/v2\/comments?post=23996"}],"version-history":[{"count":1,"href":"https:\/\/jm-metropole.com.br\/site\/wp-json\/wp\/v2\/posts\/23996\/revisions"}],"predecessor-version":[{"id":23999,"href":"https:\/\/jm-metropole.com.br\/site\/wp-json\/wp\/v2\/posts\/23996\/revisions\/23999"}],"wp:featuredmedia":[{"embeddable":true,"href":"https:\/\/jm-metropole.com.br\/site\/wp-json\/wp\/v2\/media\/23997"}],"wp:attachment":[{"href":"https:\/\/jm-metropole.com.br\/site\/wp-json\/wp\/v2\/media?parent=23996"}],"wp:term":[{"taxonomy":"category","embeddable":true,"href":"https:\/\/jm-metropole.com.br\/site\/wp-json\/wp\/v2\/categories?post=23996"},{"taxonomy":"post_tag","embeddable":true,"href":"https:\/\/jm-metropole.com.br\/site\/wp-json\/wp\/v2\/tags?post=23996"}],"curies":[{"name":"wp","href":"https:\/\/api.w.org\/{rel}","templated":true}]}}