{"id":23993,"date":"2025-04-07T11:28:12","date_gmt":"2025-04-07T14:28:12","guid":{"rendered":"https:\/\/jm-metropole.com.br\/site\/?p=23993"},"modified":"2025-04-07T11:28:12","modified_gmt":"2025-04-07T14:28:12","slug":"fase-final-do-volei-adaptado-da-3a-olimpiada-e-paralimpiada-pequenos-esportistas-sera-nesta-terca-feira-dia-8","status":"publish","type":"post","link":"https:\/\/jm-metropole.com.br\/site\/fase-final-do-volei-adaptado-da-3a-olimpiada-e-paralimpiada-pequenos-esportistas-sera-nesta-terca-feira-dia-8\/","title":{"rendered":"Fase final do v\u00f4lei adaptado da 3\u00aa Olimp\u00edada e Paralimp\u00edada \u201cPequenos Esportistas\u201d ser\u00e1 nesta ter\u00e7a-feira, dia 8"},"content":{"rendered":"<p><i>As fases classificat\u00f3rias aconteceram no dia 2 no Cempre Prof. S\u00e9rgio Moretti, em Jundiapeba, e nos dias 3 e 4 no Kosmos Clube, na Volta Fria.<\/i><\/p>\n<div class=\"col-sm-8 col-md-9 col-lg-9\">\n<div id=\"conteudo\" class=\"conteudo\">\n<p>A 3\u00aa Olimp\u00edada e Paralimp\u00edada &#8220;Pequenos Esportistas na Rede Municipal de Ensino&#8221;, promovida pela Secretaria de Educa\u00e7\u00e3o de Mogi das Cruzes, realizar\u00e1, nesta ter\u00e7a-feira (08\/04) \u00e0s 9h, a fase final da modalidade C\u00e2mbio (v\u00f4lei adaptado) no Clube de Campo de Mogi das Cruzes, no Parque Monte L\u00edbano. Cinco escolas se classificaram ap\u00f3s tr\u00eas dias de disputas no Cempre Prof. S\u00e9rgio Moretti, em Jundiapeba e no Kosmos Clube, na Volta Fria.<\/p>\n<p>As disputas come\u00e7aram na \u00faltima quarta-feira (02\/04). O primeiro dia contou com a participa\u00e7\u00e3o de 10 escolas municipais. Destas, seis unidades escolares avan\u00e7aram para a fase seguinte. A equipe da EM Dr. Luiz Beraldo de Miranda, no Parque Ol\u00edmpico, foi a primeira a se classificar. \u201cFoi muito legal! Estamos muito felizes por termos ganhado os dois jogos\u201d, comemorou o aluno Arthur Santos de Oliveira, de 10 anos.<\/p>\n<p>Josu\u00e9 Stefani Silva, professor de Educa\u00e7\u00e3o F\u00edsica da escola, comentou sobre a experi\u00eancia de trabalhar a nova modalidade com os estudantes. \u201cNo in\u00edcio foi desafiador, pois era algo novo. No entanto, ao perceberem que era mais simples do que parecia durante a explica\u00e7\u00e3o, os alunos come\u00e7aram a gostar e apresentaram um desempenho muito positivo\u201d, destacou.<\/p>\n<p>Nesta etapa tamb\u00e9m se classificaram os Cempres Prof. S\u00e9rgio Moretti (Jundiapeba) e Dr\u00aa Ruth Cardoso (Jardim Layr), al\u00e9m das escolas municipais Prof. Adolfo Martini (Vila Industrial), Prof\u00aa Doracy Baptista de Campos Pereira (Vila Brasileira), Prof. Benedito Laporte Vieira da Motta (Jundiapeba) e o time formado pela EM Fujitaro Nagao (Bairro do Nagao) e EM Rural Bairro S\u00e3o Jo\u00e3o (Biritiba Ussu).<\/p>\n<p>Mais 12 escolas municipais participaram das disputas na quinta-feira (03\/04), no Kosmos Clube. Neste dia, passaram para a pr\u00f3xima fase o Cempre Prof. Jos\u00e9 Limongi Sobrinho (Botujuru), a EM Prof.\u00aa Guiomar Pinheiro Franco (Jardim S\u00e3o Pedro), a EM Prof\u00aa S\u00f4nia Brasil de Siqueira Andreucci (Jardim Margarida), a EM Dr. Isidoro Boucault (Vila da Prata), a EM Des. Armindo Freire Marmora (Vila Nova Aparecida) e a EM Rural Benedito Pereira de Paula (Beija Flor).<\/p>\n<p>Para Graziele Fonseca da Silva, m\u00e3e da aluna Vict\u00f3ria Fonseca, de 10 anos, da EM Dr. Isidoro Boucault, atividades como essa colaboram para o desenvolvimento da filha. &#8220;Estou bem feliz, porque \u00e9 a primeira vez que ela participa. Estamos bem emocionados\u201d, disse.<\/p>\n<p>A classifica\u00e7\u00e3o para a final da pr\u00f3xima ter\u00e7a-feira (08\/04) aconteceu nesta sexta-feira (04\/04) no Kosmos Clube. Disputar\u00e3o a pr\u00f3xima etapa o Cempre Dr\u00aa Ruth Cardoso, a EM Prof.\u00aa Guiomar Pinheiro Franco, a EM Prof. Adolfo Martini, a EM Dr. Isidoro Boucault e a EM Des. Armindo Freire Marmora. O jogo entre a EM Prof\u00aa S\u00f4nia Brasil de Siqueira Andreucci (Jardim Margarida) e a EM Dr. Benedito Laporte Vieira da Motta (Jundiapeba) n\u00e3o aconteceu devido a um imprevisto, mas as escolas seguem na disputa e uma ser\u00e1 classificada para as finais.<\/p>\n<p>A 3\u00aa Olimp\u00edadas e Paralimp\u00edadas, organizadas pelo Departamento Pedag\u00f3gico (Deped) da Secretaria de Educa\u00e7\u00e3o, tem o n\u00famero recorde de participantes em rela\u00e7\u00e3o \u00e0s\u00a0outras\u00a0edi\u00e7\u00f5es e conta com apoio dos departamentos da Pasta e da Secretaria de Esporte\u00a0e\u00a0Lazer.<\/p>\n<p>&nbsp;<\/p>\n<div class=\"text-center\"><\/div>\n<\/div>\n<\/div>\n","protected":false},"excerpt":{"rendered":"<p>As fases classificat\u00f3rias aconteceram no dia 2 no Cempre Prof. S\u00e9rgio Moretti, em Jundiapeba, e nos dias 3 e 4 no Kosmos Clube, na Volta Fria. A 3\u00aa Olimp\u00edada e Paralimp\u00edada &#8220;Pequenos Esportistas na Rede Municipal de Ensino&#8221;, promovida pela Secretaria de Educa\u00e7\u00e3o de Mogi das Cruzes, realizar\u00e1, nesta ter\u00e7a-feira (08\/04) \u00e0s 9h, a fase [&hellip;]<\/p>\n","protected":false},"author":1,"featured_media":23994,"comment_status":"open","ping_status":"open","sticky":false,"template":"","format":"standard","meta":{"footnotes":""},"categories":[10],"tags":[],"class_list":{"0":"post-23993","1":"post","2":"type-post","3":"status-publish","4":"format-standard","5":"has-post-thumbnail","7":"category-mogi-das-cruzes"},"_links":{"self":[{"href":"https:\/\/jm-metropole.com.br\/site\/wp-json\/wp\/v2\/posts\/23993","targetHints":{"allow":["GET"]}}],"collection":[{"href":"https:\/\/jm-metropole.com.br\/site\/wp-json\/wp\/v2\/posts"}],"about":[{"href":"https:\/\/jm-metropole.com.br\/site\/wp-json\/wp\/v2\/types\/post"}],"author":[{"embeddable":true,"href":"https:\/\/jm-metropole.com.br\/site\/wp-json\/wp\/v2\/users\/1"}],"replies":[{"embeddable":true,"href":"https:\/\/jm-metropole.com.br\/site\/wp-json\/wp\/v2\/comments?post=23993"}],"version-history":[{"count":1,"href":"https:\/\/jm-metropole.com.br\/site\/wp-json\/wp\/v2\/posts\/23993\/revisions"}],"predecessor-version":[{"id":23995,"href":"https:\/\/jm-metropole.com.br\/site\/wp-json\/wp\/v2\/posts\/23993\/revisions\/23995"}],"wp:featuredmedia":[{"embeddable":true,"href":"https:\/\/jm-metropole.com.br\/site\/wp-json\/wp\/v2\/media\/23994"}],"wp:attachment":[{"href":"https:\/\/jm-metropole.com.br\/site\/wp-json\/wp\/v2\/media?parent=23993"}],"wp:term":[{"taxonomy":"category","embeddable":true,"href":"https:\/\/jm-metropole.com.br\/site\/wp-json\/wp\/v2\/categories?post=23993"},{"taxonomy":"post_tag","embeddable":true,"href":"https:\/\/jm-metropole.com.br\/site\/wp-json\/wp\/v2\/tags?post=23993"}],"curies":[{"name":"wp","href":"https:\/\/api.w.org\/{rel}","templated":true}]}}