{"id":23990,"date":"2025-04-07T10:26:41","date_gmt":"2025-04-07T13:26:41","guid":{"rendered":"https:\/\/jm-metropole.com.br\/site\/?p=23990"},"modified":"2025-04-07T10:26:41","modified_gmt":"2025-04-07T13:26:41","slug":"campanha-de-vacinacao-contra-a-gripe-comeca-nesta-segunda","status":"publish","type":"post","link":"https:\/\/jm-metropole.com.br\/site\/campanha-de-vacinacao-contra-a-gripe-comeca-nesta-segunda\/","title":{"rendered":"Campanha de vacina\u00e7\u00e3o contra a gripe come\u00e7a nesta segunda"},"content":{"rendered":"<div class=\"header-noticia full-width\">\n<div class=\"linha-fina-noticia\">Meta \u00e9 imunizar 90% dos chamados grupos priorit\u00e1rios<\/div>\n<\/div>\n<div class=\"container-autoria\"><\/div>\n<div>\n<p>Come\u00e7a nesta segunda-feira (7) a campanha nacional de vacina\u00e7\u00e3o contra a influenza. A meta \u00e9 imunizar 90% dos chamados grupos priorit\u00e1rios, que incluem crian\u00e7as de 6 meses a menores de 6 anos, idosos e gestantes. Tamb\u00e9m podem receber a dose:<img decoding=\"async\" src=\"https:\/\/agenciabrasil.ebc.com.br\/ebc.png?id=1637740&amp;o=node\" \/><img decoding=\"async\" src=\"https:\/\/agenciabrasil.ebc.com.br\/ebc.gif?id=1637740&amp;o=node\" \/><\/p>\n<p>&#8211; trabalhadores da sa\u00fade;<\/p>\n<p>&#8211; pu\u00e9rperas;<\/p>\n<p>&#8211; professores dos ensinos b\u00e1sico e superior;<\/p>\n<p>&#8211; povos ind\u00edgenas;<\/p>\n<p>&#8211; pessoas em situa\u00e7\u00e3o de rua;<\/p>\n<p>&#8211; profissionais das for\u00e7as de seguran\u00e7a e de salvamento;<\/p>\n<p>&#8211; profissionais das For\u00e7as Armadas;<\/p>\n<p>&#8211; pessoas com doen\u00e7as cr\u00f4nicas n\u00e3o transmiss\u00edveis e outras condi\u00e7\u00f5es cl\u00ednicas especiais (independentemente da idade);<\/p>\n<p>&#8211; pessoas com defici\u00eancia permanente;<\/p>\n<p>&#8211; caminhoneiros;<\/p>\n<p>&#8211; trabalhadores do transporte rodovi\u00e1rio coletivo (urbano e de longo curso);<\/p>\n<p>&#8211; trabalhadores portu\u00e1rios<\/p>\n<p>&#8211; funcion\u00e1rios do sistema de priva\u00e7\u00e3o de liberdade;<\/p>\n<p>&#8211; e popula\u00e7\u00e3o privada de liberdade, incluindo adolescentes e jovens sob medidas socioeducativas (com idade entre 12 e 21 anos).<\/p>\n<h2>Prote\u00e7\u00e3o<\/h2>\n<p><strong>De acordo com o Minist\u00e9rio da Sa\u00fade, o imunizante distribu\u00eddo na rede p\u00fablica protege contra um total de tr\u00eas v\u00edrus do tipo influenza e garante uma redu\u00e7\u00e3o do risco de casos graves e \u00f3bitos provocados pela doen\u00e7a.<\/strong><\/p>\n<p>Em 2025, a dose cont\u00e9m as seguintes cepas: H1N1, H3N2 e B. A administra\u00e7\u00e3o, de acordo com o minist\u00e9rio, pode ser feita junto com\u00a0outras vacinas do Calend\u00e1rio Nacional de Vacina\u00e7\u00e3o.<\/p>\n<h2>Doses<\/h2>\n<p>Para a vacina\u00e7\u00e3o deste ano, a pasta adquiriu um total de 73, 6 milh\u00f5es de doses. No primeiro semestre, 67,6 milh\u00f5es de doses devem ser distribu\u00eddas para as regi\u00f5es Sul, Sudeste, Centro-Oeste e Nordeste. No segundo semestre, 5,9 milh\u00f5es ser\u00e3o enviadas para o Norte.<\/p>\n<h2>Inverno amaz\u00f4nico<\/h2>\n<p><strong>A campanha, este ano, ser\u00e1 realizada em dois momentos:<\/strong><\/p>\n<p><strong>&#8211; primeiro semestre (mar\u00e7o\/abril): nas regi\u00f5es Nordeste, Centro-Oeste, Sudeste e Sul<\/strong><\/p>\n<p><strong>&#8211; segundo semestre (setembro): na Regi\u00e3o Norte, alinhando-se ao per\u00edodo de maior circula\u00e7\u00e3o viral na regi\u00e3o, o chamado inverno amaz\u00f4nico.<\/strong><\/p>\n<h2>Efic\u00e1cia e seguran\u00e7a<\/h2>\n<p>Ainda de acordo com a pasta, a vacina contra a gripe \u00e9 capaz de evitar entre 60% e 70% dos casos graves e dos \u00f3bitos relacionados \u00e0 doen\u00e7a.<\/p>\n<p>O imunizante \u00e9 contraindicado para crian\u00e7as menores de 6 meses e pessoas com hist\u00f3rico de anafilaxia (rea\u00e7\u00e3o al\u00e9rgica) grave ap\u00f3s doses anteriores.<\/p>\n<h2>Cobertura<\/h2>\n<p>Em 2024, a cobertura vacinal contra a gripe entre os p\u00fablicos priorit\u00e1rios foi de 48,89% na Regi\u00e3o Norte e 55,19% nas demais regi\u00f5es.<\/p>\n<blockquote><p>\u201cO Minist\u00e9rio da Sa\u00fade refor\u00e7a a import\u00e2ncia da vacina\u00e7\u00e3o e conta com a participa\u00e7\u00e3o de toda a popula\u00e7\u00e3o. Vacinar-se \u00e9 um ato de cuidado pr\u00f3prio e coletivo. As vacinas s\u00e3o seguras, eficazes e gratuitas.\u201d<\/p><\/blockquote>\n<p>*Com informa\u00e7\u00f5es de Ag\u00eancia Brasil<\/p>\n<\/div>\n","protected":false},"excerpt":{"rendered":"<p>Meta \u00e9 imunizar 90% dos chamados grupos priorit\u00e1rios Come\u00e7a nesta segunda-feira (7) a campanha nacional de vacina\u00e7\u00e3o contra a influenza. A meta \u00e9 imunizar 90% dos chamados grupos priorit\u00e1rios, que incluem crian\u00e7as de 6 meses a menores de 6 anos, idosos e gestantes. Tamb\u00e9m podem receber a dose: &#8211; trabalhadores da sa\u00fade; &#8211; pu\u00e9rperas; &#8211; [&hellip;]<\/p>\n","protected":false},"author":1,"featured_media":23991,"comment_status":"open","ping_status":"open","sticky":false,"template":"","format":"standard","meta":{"footnotes":""},"categories":[11],"tags":[],"class_list":{"0":"post-23990","1":"post","2":"type-post","3":"status-publish","4":"format-standard","5":"has-post-thumbnail","7":"category-saude"},"_links":{"self":[{"href":"https:\/\/jm-metropole.com.br\/site\/wp-json\/wp\/v2\/posts\/23990","targetHints":{"allow":["GET"]}}],"collection":[{"href":"https:\/\/jm-metropole.com.br\/site\/wp-json\/wp\/v2\/posts"}],"about":[{"href":"https:\/\/jm-metropole.com.br\/site\/wp-json\/wp\/v2\/types\/post"}],"author":[{"embeddable":true,"href":"https:\/\/jm-metropole.com.br\/site\/wp-json\/wp\/v2\/users\/1"}],"replies":[{"embeddable":true,"href":"https:\/\/jm-metropole.com.br\/site\/wp-json\/wp\/v2\/comments?post=23990"}],"version-history":[{"count":1,"href":"https:\/\/jm-metropole.com.br\/site\/wp-json\/wp\/v2\/posts\/23990\/revisions"}],"predecessor-version":[{"id":23992,"href":"https:\/\/jm-metropole.com.br\/site\/wp-json\/wp\/v2\/posts\/23990\/revisions\/23992"}],"wp:featuredmedia":[{"embeddable":true,"href":"https:\/\/jm-metropole.com.br\/site\/wp-json\/wp\/v2\/media\/23991"}],"wp:attachment":[{"href":"https:\/\/jm-metropole.com.br\/site\/wp-json\/wp\/v2\/media?parent=23990"}],"wp:term":[{"taxonomy":"category","embeddable":true,"href":"https:\/\/jm-metropole.com.br\/site\/wp-json\/wp\/v2\/categories?post=23990"},{"taxonomy":"post_tag","embeddable":true,"href":"https:\/\/jm-metropole.com.br\/site\/wp-json\/wp\/v2\/tags?post=23990"}],"curies":[{"name":"wp","href":"https:\/\/api.w.org\/{rel}","templated":true}]}}