{"id":23975,"date":"2025-04-04T13:29:29","date_gmt":"2025-04-04T16:29:29","guid":{"rendered":"https:\/\/jm-metropole.com.br\/site\/?p=23975"},"modified":"2025-04-04T13:29:29","modified_gmt":"2025-04-04T16:29:29","slug":"anvisa-proibe-suplementos-alimentares-com-ora-pro-nobis","status":"publish","type":"post","link":"https:\/\/jm-metropole.com.br\/site\/anvisa-proibe-suplementos-alimentares-com-ora-pro-nobis\/","title":{"rendered":"Anvisa pro\u00edbe suplementos alimentares com ora-pro-n\u00f3bis"},"content":{"rendered":"<div class=\"header-noticia full-width\">\n<div class=\"linha-fina-noticia\">Ag\u00eancia determina ainda recolhimento dos produtos<\/div>\n<\/div>\n<div class=\"container-autoria\"><\/div>\n<div>\n<p><strong>A Ag\u00eancia Nacional de Vigil\u00e2ncia Sanit\u00e1ria (Anvisa) proibiu a comercializa\u00e7\u00e3o, a distribui\u00e7\u00e3o, a fabrica\u00e7\u00e3o, a propaganda e o uso de suplementos alimentares contendo ora-pro-n\u00f3bis<\/strong>. A resolu\u00e7\u00e3o, publicada no\u00a0<a href=\"https:\/\/www.in.gov.br\/web\/dou\/-\/resolucao-re-n-1.282-de-2-de-abril-de-2025-621892300\" target=\"_blank\" rel=\"noopener\"><em>Di\u00e1rio Oficial da Uni\u00e3o<\/em><\/a>, determina ainda o recolhimento dos produtos.<img decoding=\"async\" src=\"https:\/\/agenciabrasil.ebc.com.br\/ebc.png?id=1637580&amp;o=node\" \/><img decoding=\"async\" src=\"https:\/\/agenciabrasil.ebc.com.br\/ebc.gif?id=1637580&amp;o=node\" \/><\/p>\n<p>Em nota, a Anvisa informou que a decis\u00e3o foi adotada porque a planta, de nome cient\u00edfico\u00a0<em>Pereskia aculeata<\/em>, n\u00e3o \u00e9 autorizada como constituinte para suplementos alimentares.<\/p>\n<blockquote><p>\u201cPara um ingrediente espec\u00edfico ser autorizado como suplemento alimentar, \u00e9 necess\u00e1rio que ele passe por uma avalia\u00e7\u00e3o de seguran\u00e7a e efic\u00e1cia\u201d, destacou a ag\u00eancia no comunicado.<\/p><\/blockquote>\n<p>Isso significa que empresas interessadas em comercializar o produto devem comprovar, de forma cient\u00edfica, que ele \u00e9 fonte de algum nutriente ou subst\u00e2ncia de relev\u00e2ncia para o corpo humano.<\/p>\n<blockquote><p>\u201cSuplementos alimentares n\u00e3o s\u00e3o medicamentos e, por isso, n\u00e3o podem alegar efeitos terap\u00eauticos como tratamento, preven\u00e7\u00e3o ou cura de doen\u00e7as. Os suplementos s\u00e3o destinados a pessoas saud\u00e1veis. Sua finalidade \u00e9 fornecer nutrientes, subst\u00e2ncias bioativas, enzimas ou probi\u00f3ticos em complemento \u00e0 alimenta\u00e7\u00e3o.\u201d<\/p><\/blockquote>\n<p>A medida, segundo a Anvisa, n\u00e3o afeta o consumo ou a comercializa\u00e7\u00e3o da planta fresca, que tem tradi\u00e7\u00e3o de uso na alimenta\u00e7\u00e3o, sobretudo nos estados de Goi\u00e1s e Minas Gerais.<\/p>\n<p>*Com informa\u00e7\u00f5es de Ag\u00eancia Brasil<\/p>\n<\/div>\n","protected":false},"excerpt":{"rendered":"<p>Ag\u00eancia determina ainda recolhimento dos produtos A Ag\u00eancia Nacional de Vigil\u00e2ncia Sanit\u00e1ria (Anvisa) proibiu a comercializa\u00e7\u00e3o, a distribui\u00e7\u00e3o, a fabrica\u00e7\u00e3o, a propaganda e o uso de suplementos alimentares contendo ora-pro-n\u00f3bis. A resolu\u00e7\u00e3o, publicada no\u00a0Di\u00e1rio Oficial da Uni\u00e3o, determina ainda o recolhimento dos produtos. Em nota, a Anvisa informou que a decis\u00e3o foi adotada porque a [&hellip;]<\/p>\n","protected":false},"author":1,"featured_media":23976,"comment_status":"open","ping_status":"open","sticky":false,"template":"","format":"standard","meta":{"footnotes":""},"categories":[48],"tags":[],"class_list":{"0":"post-23975","1":"post","2":"type-post","3":"status-publish","4":"format-standard","5":"has-post-thumbnail","7":"category-geral"},"_links":{"self":[{"href":"https:\/\/jm-metropole.com.br\/site\/wp-json\/wp\/v2\/posts\/23975","targetHints":{"allow":["GET"]}}],"collection":[{"href":"https:\/\/jm-metropole.com.br\/site\/wp-json\/wp\/v2\/posts"}],"about":[{"href":"https:\/\/jm-metropole.com.br\/site\/wp-json\/wp\/v2\/types\/post"}],"author":[{"embeddable":true,"href":"https:\/\/jm-metropole.com.br\/site\/wp-json\/wp\/v2\/users\/1"}],"replies":[{"embeddable":true,"href":"https:\/\/jm-metropole.com.br\/site\/wp-json\/wp\/v2\/comments?post=23975"}],"version-history":[{"count":1,"href":"https:\/\/jm-metropole.com.br\/site\/wp-json\/wp\/v2\/posts\/23975\/revisions"}],"predecessor-version":[{"id":23977,"href":"https:\/\/jm-metropole.com.br\/site\/wp-json\/wp\/v2\/posts\/23975\/revisions\/23977"}],"wp:featuredmedia":[{"embeddable":true,"href":"https:\/\/jm-metropole.com.br\/site\/wp-json\/wp\/v2\/media\/23976"}],"wp:attachment":[{"href":"https:\/\/jm-metropole.com.br\/site\/wp-json\/wp\/v2\/media?parent=23975"}],"wp:term":[{"taxonomy":"category","embeddable":true,"href":"https:\/\/jm-metropole.com.br\/site\/wp-json\/wp\/v2\/categories?post=23975"},{"taxonomy":"post_tag","embeddable":true,"href":"https:\/\/jm-metropole.com.br\/site\/wp-json\/wp\/v2\/tags?post=23975"}],"curies":[{"name":"wp","href":"https:\/\/api.w.org\/{rel}","templated":true}]}}