{"id":23969,"date":"2025-04-04T11:58:25","date_gmt":"2025-04-04T14:58:25","guid":{"rendered":"https:\/\/jm-metropole.com.br\/site\/?p=23969"},"modified":"2025-04-04T11:58:25","modified_gmt":"2025-04-04T14:58:25","slug":"santa-isabel-inicia-fiscalizacao-e-aplicacao-de-multas-para-terrenos-irregulares-populacao-espera-que-prefeitura-tambem-faca-sua-parte","status":"publish","type":"post","link":"https:\/\/jm-metropole.com.br\/site\/santa-isabel-inicia-fiscalizacao-e-aplicacao-de-multas-para-terrenos-irregulares-populacao-espera-que-prefeitura-tambem-faca-sua-parte\/","title":{"rendered":"Santa Isabel inicia fiscaliza\u00e7\u00e3o e aplica\u00e7\u00e3o de multas para terrenos irregulares; popula\u00e7\u00e3o espera que Prefeitura tamb\u00e9m fa\u00e7a sua parte"},"content":{"rendered":"<p>Desde o dia 1\u00ba de abril, a Prefeitura de Santa Isabel, por meio da Secretaria de Planejamento Urbano, Obras e Habita\u00e7\u00e3o, deu in\u00edcio a uma opera\u00e7\u00e3o de fiscaliza\u00e7\u00e3o mais rigorosa sobre a limpeza de terrenos, fechamento de \u00e1reas n\u00e3o edificadas e manuten\u00e7\u00e3o de passeios. Propriet\u00e1rios que descumprirem a legisla\u00e7\u00e3o municipal estar\u00e3o sujeitos a autua\u00e7\u00f5es e multas. A a\u00e7\u00e3o est\u00e1 respaldada pela Lei Municipal n\u00ba 2741, de 17 de mar\u00e7o de 2014, regulamentada pelo Decreto n\u00ba 7.337, de 17 de mar\u00e7o de 2025.<\/p>\n<p>A iniciativa visa reduzir problemas urbanos causados pelo abandono de terrenos, como ac\u00famulo de lixo, prolifera\u00e7\u00e3o de pragas e riscos \u00e0 seguran\u00e7a p\u00fablica. O mato alto e a falta de fechamento adequado dessas \u00e1reas podem favorecer a ocorr\u00eancia de crimes, al\u00e9m de dificultar a mobilidade dos pedestres. A Prefeitura refor\u00e7a que manter os terrenos limpos e organizados \u00e9 uma responsabilidade dos propriet\u00e1rios e que a fiscaliza\u00e7\u00e3o ser\u00e1 cont\u00ednua.<\/p>\n<p>Apesar da medida, a popula\u00e7\u00e3o tamb\u00e9m cobra que o pr\u00f3prio governo municipal fa\u00e7a sua parte na manuten\u00e7\u00e3o dos espa\u00e7os p\u00fablicos. Em diversos bairros, \u00e9 poss\u00edvel encontrar cal\u00e7adas intransit\u00e1veis, postes de ilumina\u00e7\u00e3o com l\u00e2mpadas queimadas, pontos de \u00f4nibus deteriorados e matagal nas margens das estradas, comprometendo a seguran\u00e7a de motoristas e pedestres. A falta de visibilidade causada pelo mato alto j\u00e1 foi motivo de acidentes em vias importantes do munic\u00edpio.<\/p>\n<p>Com a fiscaliza\u00e7\u00e3o j\u00e1 em andamento, moradores aguardam para ver se a gest\u00e3o municipal tamb\u00e9m adotar\u00e1 um posicionamento mais efetivo na solu\u00e7\u00e3o dos problemas urbanos. A expectativa \u00e9 que a mesma rigidez aplicada \u00e0 popula\u00e7\u00e3o tamb\u00e9m seja empregada na fiscaliza\u00e7\u00e3o e manuten\u00e7\u00e3o dos pr\u00f3prios servi\u00e7os p\u00fablicos, garantindo mais qualidade de vida para todos.<\/p>\n","protected":false},"excerpt":{"rendered":"<p>Desde o dia 1\u00ba de abril, a Prefeitura de Santa Isabel, por meio da Secretaria de Planejamento Urbano, Obras e Habita\u00e7\u00e3o, deu in\u00edcio a uma opera\u00e7\u00e3o de fiscaliza\u00e7\u00e3o mais rigorosa sobre a limpeza de terrenos, fechamento de \u00e1reas n\u00e3o edificadas e manuten\u00e7\u00e3o de passeios. Propriet\u00e1rios que descumprirem a legisla\u00e7\u00e3o municipal estar\u00e3o sujeitos a autua\u00e7\u00f5es e [&hellip;]<\/p>\n","protected":false},"author":1,"featured_media":23970,"comment_status":"open","ping_status":"open","sticky":false,"template":"","format":"standard","meta":{"footnotes":""},"categories":[5],"tags":[],"class_list":{"0":"post-23969","1":"post","2":"type-post","3":"status-publish","4":"format-standard","5":"has-post-thumbnail","7":"category-santa-isabel"},"_links":{"self":[{"href":"https:\/\/jm-metropole.com.br\/site\/wp-json\/wp\/v2\/posts\/23969","targetHints":{"allow":["GET"]}}],"collection":[{"href":"https:\/\/jm-metropole.com.br\/site\/wp-json\/wp\/v2\/posts"}],"about":[{"href":"https:\/\/jm-metropole.com.br\/site\/wp-json\/wp\/v2\/types\/post"}],"author":[{"embeddable":true,"href":"https:\/\/jm-metropole.com.br\/site\/wp-json\/wp\/v2\/users\/1"}],"replies":[{"embeddable":true,"href":"https:\/\/jm-metropole.com.br\/site\/wp-json\/wp\/v2\/comments?post=23969"}],"version-history":[{"count":1,"href":"https:\/\/jm-metropole.com.br\/site\/wp-json\/wp\/v2\/posts\/23969\/revisions"}],"predecessor-version":[{"id":23971,"href":"https:\/\/jm-metropole.com.br\/site\/wp-json\/wp\/v2\/posts\/23969\/revisions\/23971"}],"wp:featuredmedia":[{"embeddable":true,"href":"https:\/\/jm-metropole.com.br\/site\/wp-json\/wp\/v2\/media\/23970"}],"wp:attachment":[{"href":"https:\/\/jm-metropole.com.br\/site\/wp-json\/wp\/v2\/media?parent=23969"}],"wp:term":[{"taxonomy":"category","embeddable":true,"href":"https:\/\/jm-metropole.com.br\/site\/wp-json\/wp\/v2\/categories?post=23969"},{"taxonomy":"post_tag","embeddable":true,"href":"https:\/\/jm-metropole.com.br\/site\/wp-json\/wp\/v2\/tags?post=23969"}],"curies":[{"name":"wp","href":"https:\/\/api.w.org\/{rel}","templated":true}]}}