{"id":23889,"date":"2025-04-02T11:18:15","date_gmt":"2025-04-02T14:18:15","guid":{"rendered":"https:\/\/jm-metropole.com.br\/site\/?p=23889"},"modified":"2025-04-02T11:18:15","modified_gmt":"2025-04-02T14:18:15","slug":"camara-pode-votar-lei-da-reciprocidade-comercial-ainda-esta-semana","status":"publish","type":"post","link":"https:\/\/jm-metropole.com.br\/site\/camara-pode-votar-lei-da-reciprocidade-comercial-ainda-esta-semana\/","title":{"rendered":"C\u00e2mara pode votar Lei da Reciprocidade Comercial ainda esta semana"},"content":{"rendered":"<div class=\"header-noticia full-width\">\n<div class=\"linha-fina-noticia\">Projeto foi aprovado por unanimidade no Senado<\/div>\n<\/div>\n<div class=\"container-autoria\"><\/div>\n<div>\n<p>A C\u00e2mara dos Deputados pode votar ainda nesta semana o\u00a0<a href=\"https:\/\/www.camara.leg.br\/proposicoesWeb\/prop_mostrarintegra?codteor=2877291&amp;filename=PL%202088\/2023\" target=\"_blank\" rel=\"noopener\">Projeto de Lei\u00a0 2.088\/2023<\/a>, Lei de Reciprocidade Comercial, que\u00a0<strong>autoriza o governo brasileiro a adotar medidas comerciais contra pa\u00edses e blocos que imponham barreiras aos produtos do Brasil no mercado global<\/strong>.<img decoding=\"async\" src=\"https:\/\/agenciabrasil.ebc.com.br\/ebc.png?id=1637147&amp;o=node\" \/><img decoding=\"async\" src=\"https:\/\/agenciabrasil.ebc.com.br\/ebc.gif?id=1637147&amp;o=node\" \/><\/p>\n<p>O texto do PL foi\u00a0<a href=\"https:\/\/agenciabrasil.ebc.com.br\/politica\/noticia\/2025-04\/senado-aprova-retaliacao-comercial-vesperas-de-tarifaco-de-trump\" target=\"_blank\" rel=\"noopener\">aprovado nesta ter\u00e7a-feira (1) na Comiss\u00e3o de Assuntos Econ\u00f4micos (CAE) e no plen\u00e1rio do Senado, por unanimidade<\/a>.<\/p>\n<p>O tema se tornou prioridade no Congresso\u00a0<strong>ap\u00f3s o presidente dos Estados Unidos (EUA), Donald Trump, anunciar que vai impor \u201ctarifas rec\u00edprocas\u201d contra parceiros comerciais<\/strong>. O an\u00fancio do novo tarifa\u00e7o est\u00e1 previsto para as 17h (hor\u00e1rio dos EUA) desta quarta-feira.<\/p>\n<p>O presidente da C\u00e2mara, deputado Hugo Motta (Republicanos\/PB), informou que\u00a0<strong>vai trabalhar junto ao Col\u00e9gio de L\u00edderes para pautar o tema ainda esta semana<\/strong>.<\/p>\n<p>\u201cComo esse \u00e9 um tema excepcional, e n\u00f3s temos uma data j\u00e1 precificada de uma poss\u00edvel movimenta\u00e7\u00e3o dos Estados Unidos com rela\u00e7\u00e3o aos produtos brasileiros, n\u00f3s j\u00e1 estamos conversando com o Col\u00e9gio de L\u00edderes, para que, se poss\u00edvel, excepcionalmente, possamos trazer a mat\u00e9ria ao plen\u00e1rio ainda esta semana\u201d, anunciou o presidente da Casa.<\/p>\n<p>Para Motta, o epis\u00f3dio entre EUA e Brasil deve superar as diferen\u00e7as pol\u00edticas dentro do Parlamento.<\/p>\n<blockquote><p>\u201cNas horas mais importantes n\u00e3o existe um Brasil de esquerda ou um Brasil de direita. Existe apenas o povo brasileiro. E n\u00f3s, representantes do povo, temos de ter a capacidade de defender o povo acima de nossas diferen\u00e7as\u201d, disse.<\/p><\/blockquote>\n<p>O PL, partido do ex-presidente Jair Bolsonaro, promete obstruir todas as vota\u00e7\u00f5es para pressionar pelo Projeto de Lei da Anistia. O l\u00edder do partido na C\u00e2mara, deputado S\u00f3stenes Cavalcante (RJ), informou \u00e0\u00a0<strong>Ag\u00eancia Brasil<\/strong>\u00a0que a legenda vai obstruir tudo.\u00a0<strong>\u201cObstruir e tornar o processo legislativo lento\u201d, garantiu.<\/strong><\/p>\n<p>A vota\u00e7\u00e3o da Lei de Reciprocidade Comercial esta semana tem o apoio do presidente da Frente Parlamentar Agropecu\u00e1ria (FPA), deputado Pedro Lupion (PP\/PR).<\/p>\n<p>\u201cNossos concorrentes mundiais, os grandes players mundiais do com\u00e9rcio internacional, t\u00eam uma lei para defender os seus interesses e o Brasil n\u00e3o tem. N\u00f3s precisamos disso, e \u00e9 importante essa celeridade\u201d, defendeu.<\/p>\n<p>O l\u00edder do PT na C\u00e2mara, deputado Lindbergh Farias (RJ), argumentou que n\u00e3o h\u00e1 como o projeto da anistia avan\u00e7ar e defendeu que a Casa aprecie logo o PL da Reciprocidade Comercial.<\/p>\n<blockquote><p>\u201cDiziam que iam pautar a anistia esta semana. N\u00e3o vai ter anistia esta semana por um motivo bem claro, esta Casa, o presidente [da C\u00e2mara] Hugo Motta, a maioria dos partidos, pensaram no Poder Legislativo. N\u00e3o faz sentido paralisar uma pauta, vota\u00e7\u00f5es importantes, em cima de um projeto de anistia que, al\u00e9m de tudo, \u00e9 inconstitucional\u201d, destacou.<\/p><\/blockquote>\n<h2>Reciprocidade<\/h2>\n<p>O Artigo 1\u00ba do projeto de lei da reciprocidade comercial estabelece crit\u00e9rios para respostas a a\u00e7\u00f5es, pol\u00edticas ou pr\u00e1ticas unilaterais de pa\u00eds ou bloco econ\u00f4mico que \u201cimpactem negativamente a competitividade internacional brasileira\u201d.<\/p>\n<p><strong>Se aprovada, a lei valer\u00e1 para pa\u00edses ou blocos que \u201cinterfiram nas escolhas leg\u00edtimas e soberanas do Brasil\u201d.<\/strong><\/p>\n<p>No Artigo 3\u00ba, fica autorizado o Conselho Estrat\u00e9gico da C\u00e2mara de Com\u00e9rcio Exterior (Camex), ligado ao Executivo, a \u201cadotar contramedidas na forma de restri\u00e7\u00e3o \u00e0s importa\u00e7\u00f5es de bens e servi\u00e7os\u201d, prevendo ainda medidas de negocia\u00e7\u00e3o entre as partes antes de qualquer decis\u00e3o.<\/p>\n<p>\u00c0 v\u00e9spera do an\u00fancio do novo tarifa\u00e7o de Donald Trump,\u00a0<a href=\"https:\/\/agenciabrasil.ebc.com.br\/internacional\/noticia\/2025-04\/relatorio-dos-eua-critica-brasil-vesperas-de-novo-tarifaco-de-trump\" target=\"_blank\" rel=\"noopener\">um escrit\u00f3rio ligado ao governo dos EUA divulgou relat\u00f3rio com cr\u00edticas ao modelo de tarifas que o Brasil<\/a>\u00a0imp\u00f5e \u00e0s importa\u00e7\u00f5es em setores como etanol, audiovisual, bebidas alco\u00f3licas, produtos de telecomunica\u00e7\u00f5es, m\u00e1quinas e equipamentos e carne su\u00edna, al\u00e9m de reclamar da prefer\u00eancia dada pela legisla\u00e7\u00e3o e normas do Brasil aos produtores nacionais.<\/p>\n<p>*Com informa\u00e7\u00f5es de Ag\u00eancia Brasil<\/p>\n<\/div>\n","protected":false},"excerpt":{"rendered":"<p>Projeto foi aprovado por unanimidade no Senado A C\u00e2mara dos Deputados pode votar ainda nesta semana o\u00a0Projeto de Lei\u00a0 2.088\/2023, Lei de Reciprocidade Comercial, que\u00a0autoriza o governo brasileiro a adotar medidas comerciais contra pa\u00edses e blocos que imponham barreiras aos produtos do Brasil no mercado global. O texto do PL foi\u00a0aprovado nesta ter\u00e7a-feira (1) na [&hellip;]<\/p>\n","protected":false},"author":1,"featured_media":23890,"comment_status":"open","ping_status":"open","sticky":false,"template":"","format":"standard","meta":{"footnotes":""},"categories":[1],"tags":[],"class_list":{"0":"post-23889","1":"post","2":"type-post","3":"status-publish","4":"format-standard","5":"has-post-thumbnail","7":"category-tudo"},"_links":{"self":[{"href":"https:\/\/jm-metropole.com.br\/site\/wp-json\/wp\/v2\/posts\/23889","targetHints":{"allow":["GET"]}}],"collection":[{"href":"https:\/\/jm-metropole.com.br\/site\/wp-json\/wp\/v2\/posts"}],"about":[{"href":"https:\/\/jm-metropole.com.br\/site\/wp-json\/wp\/v2\/types\/post"}],"author":[{"embeddable":true,"href":"https:\/\/jm-metropole.com.br\/site\/wp-json\/wp\/v2\/users\/1"}],"replies":[{"embeddable":true,"href":"https:\/\/jm-metropole.com.br\/site\/wp-json\/wp\/v2\/comments?post=23889"}],"version-history":[{"count":1,"href":"https:\/\/jm-metropole.com.br\/site\/wp-json\/wp\/v2\/posts\/23889\/revisions"}],"predecessor-version":[{"id":23891,"href":"https:\/\/jm-metropole.com.br\/site\/wp-json\/wp\/v2\/posts\/23889\/revisions\/23891"}],"wp:featuredmedia":[{"embeddable":true,"href":"https:\/\/jm-metropole.com.br\/site\/wp-json\/wp\/v2\/media\/23890"}],"wp:attachment":[{"href":"https:\/\/jm-metropole.com.br\/site\/wp-json\/wp\/v2\/media?parent=23889"}],"wp:term":[{"taxonomy":"category","embeddable":true,"href":"https:\/\/jm-metropole.com.br\/site\/wp-json\/wp\/v2\/categories?post=23889"},{"taxonomy":"post_tag","embeddable":true,"href":"https:\/\/jm-metropole.com.br\/site\/wp-json\/wp\/v2\/tags?post=23889"}],"curies":[{"name":"wp","href":"https:\/\/api.w.org\/{rel}","templated":true}]}}